{"id":205,"date":"2016-08-07T21:02:08","date_gmt":"2016-08-07T21:02:08","guid":{"rendered":"http:\/\/bragi.co.za\/wp\/index.php\/2016\/08\/07\/arranger\/"},"modified":"2018-06-03T02:35:16","modified_gmt":"2018-06-03T02:35:16","slug":"arranger","status":"publish","type":"post","link":"https:\/\/bragi.co.za\/index.php\/2016\/08\/07\/arranger\/","title":{"rendered":"Arranger"},"content":{"rendered":"<p><span style=\"line-height: 1.3em;\">Bragi is an accomplished choral arranger.<\/span><\/p>\n<p>The arrangements are usually done these days only by commission &#8211; choirs, groups and composers are welcome to contact Bragi and ask him for a quote for arranging their songs.<\/p>\n<p>The below arrangements are all for sale. Click the thumbnails to see demo pages.<\/p>\n<table class=\"mceItemTable\" style=\"cursor: default; border: 1px dashed #bbbbbb;\" border=\"0\">\n<thead>\n<tr>\n<td style=\"color: #000000; margin: 8px; cursor: text; border: 1px dashed #bbbbbb;\"><strong>Description<\/strong><\/td>\n<td style=\"color: #000000; margin: 8px; cursor: text; border: 1px dashed #bbbbbb;\"><strong>Sample<\/strong><\/td>\n<td style=\"color: #000000; margin: 8px; cursor: text; border: 1px dashed #bbbbbb;\"><strong>Recording<\/strong><\/td>\n<\/tr>\n<\/thead>\n<caption class=\"caption\" style=\"border: 1px dashed #bbbbbb;\">\n<h2>Arrangements (non-Icelandic) &#8211; SATB<\/h2>\n<\/caption>\n<tbody>\n<tr>\n<td style=\"color: #000000; margin: 8px; cursor: text; border: 1px dashed #bbbbbb;\">12 Bar Blues Medley<\/p>\n<p>Song and lyrics: Various<\/p>\n<p>SATB<\/p>\n<p>Arranged for Lebone II Chamber Choir<\/td>\n<td style=\"color: #000000; margin: 8px; cursor: text; border: 1px dashed #bbbbbb;\"><a title=\"12 Bar Blues\" href=\"http:\/\/bragi.co.za\/wp\/wp-content\/uploads\/2016\/08\/12barbluesmash-up.pdf\" target=\"_blank\" rel=\"noopener noreferrer\"><img data-recalc-dims=\"1\" loading=\"lazy\" decoding=\"async\" class=\" size-full wp-image-26\" src=\"https:\/\/i0.wp.com\/bragi.co.za\/wp\/wp-content\/uploads\/2016\/08\/12-bar-blues-mash-up.jpg?resize=200%2C282\" alt=\"\" width=\"200\" height=\"282\" \/><\/a><\/td>\n<td style=\"color: #000000; margin: 8px; cursor: text; border: 1px dashed #bbbbbb;\">\t<audio id=\"wp_mep_1\" src=\"http:\/\/bragi.co.za\/images\/audio\/arrangements\/12_12_Bar_Blues_medley.mp3\"     controls=\"controls\" preload=\"none\"  >\r\n\t\t\r\n\t\t\r\n\t\t\r\n\t\t\r\n\t\t\r\n\t\t\r\n\t\t\r\n\t<\/audio>\r\n<script type=\"text\/javascript\">\r\njQuery(document).ready(function($) {\r\n\t$('#wp_mep_1').mediaelementplayer({\r\n\t\tm:1\r\n\t\t\r\n\t\t,features: ['playpause','current','progress','duration','volume','tracks','fullscreen']\r\n\t\t,audioWidth:400,audioHeight:30\r\n\t});\r\n});\r\n<\/script>\r\n<\/td>\n<\/tr>\n<tr>\n<td style=\"color: #000000; margin: 8px; cursor: text; border: 1px dashed #bbbbbb;\">Africa (Toto)<\/p>\n<p>Song and lyrics: David Paich and Jeff Porcaro<\/p>\n<p>SATB<\/p>\n<p>Arranged for Lebone II Chamber Choir<\/td>\n<td style=\"color: #000000; margin: 8px; cursor: text; border: 1px dashed #bbbbbb;\"><a title=\"Africa\" href=\"http:\/\/bragi.co.za\/wp\/wp-content\/uploads\/2016\/08\/Africa.pdf\" target=\"_blank\" rel=\"noopener noreferrer\"><img data-recalc-dims=\"1\" loading=\"lazy\" decoding=\"async\" class=\" size-full wp-image-29\" src=\"https:\/\/i0.wp.com\/bragi.co.za\/wp\/wp-content\/uploads\/2016\/08\/Africa.jpg?resize=200%2C274\" alt=\"\" width=\"200\" height=\"274\" \/><\/a><\/td>\n<td style=\"color: #000000; margin: 8px; cursor: text; border: 1px dashed #bbbbbb;\">\t<audio id=\"wp_mep_2\" src=\"http:\/\/bragi.co.za\/images\/audio\/arrangements\/09_Africa.mp3\"     controls=\"controls\" preload=\"none\"  >\r\n\t\t\r\n\t\t\r\n\t\t\r\n\t\t\r\n\t\t\r\n\t\t\r\n\t\t\r\n\t<\/audio>\r\n<script type=\"text\/javascript\">\r\njQuery(document).ready(function($) {\r\n\t$('#wp_mep_2').mediaelementplayer({\r\n\t\tm:1\r\n\t\t\r\n\t\t,features: ['playpause','current','progress','duration','volume','tracks','fullscreen']\r\n\t\t,audioWidth:400,audioHeight:30\r\n\t});\r\n});\r\n<\/script>\r\n<\/td>\n<\/tr>\n<tr>\n<td style=\"color: #000000; margin: 8px; cursor: text; border: 1px dashed #bbbbbb;\">All About That Bass<\/p>\n<p>Song and lyrics: Meghan Trainor and Kevin Kadish<\/p>\n<p>SATB<\/p>\n<p>Arranged for Lebone II Chamber Choir<\/td>\n<td style=\"color: #000000; margin: 8px; cursor: text; border: 1px dashed #bbbbbb;\"><a title=\"All About That Bass\" href=\"http:\/\/bragi.co.za\/wp\/wp-content\/uploads\/2016\/08\/AllAboutThatBass-TTBB.pdf\" target=\"_blank\" rel=\"noopener noreferrer\"><img data-recalc-dims=\"1\" loading=\"lazy\" decoding=\"async\" class=\" size-full wp-image-31\" src=\"https:\/\/i0.wp.com\/bragi.co.za\/wp\/wp-content\/uploads\/2016\/08\/All-About-That-Bass-TTBB.jpg?resize=200%2C277\" alt=\"\" width=\"200\" height=\"277\" \/><\/a><\/td>\n<td style=\"color: #000000; margin: 8px; cursor: text; border: 1px dashed #bbbbbb;\"><a title=\"All About That Bass on YouTube\" href=\"https:\/\/youtu.be\/MqV-2nB9_-w?t=273\" target=\"_blank\" rel=\"noopener noreferrer\">Watch on YouTube<\/a><\/td>\n<\/tr>\n<tr>\n<td style=\"color: #000000; margin: 8px; cursor: text; border: 1px dashed #bbbbbb;\">Andawe<\/p>\n<p>a &#8220;Zulu folksong&#8221;<\/p>\n<p>Song and lyrics: Bragi \u00de\u00f3r Valsson<\/p>\n<p>SATB<\/td>\n<td style=\"color: #000000; margin: 8px; cursor: text; border: 1px dashed #bbbbbb;\"><a title=\"Andawe\" href=\"http:\/\/bragi.co.za\/wp\/wp-content\/uploads\/2016\/08\/Andawe.pdf\" target=\"_blank\" rel=\"noopener noreferrer\"><img data-recalc-dims=\"1\" loading=\"lazy\" decoding=\"async\" class=\" size-full wp-image-33\" src=\"https:\/\/i0.wp.com\/bragi.co.za\/wp\/wp-content\/uploads\/2016\/08\/Andawe.jpg?resize=200%2C282\" alt=\"\" width=\"200\" height=\"282\" \/><\/a><\/td>\n<td style=\"color: #000000; margin: 8px; cursor: text; border: 1px dashed #bbbbbb;\"><\/td>\n<\/tr>\n<tr>\n<td style=\"color: #000000; margin: 8px; cursor: text; border: 1px dashed #bbbbbb;\">Baby Face<\/p>\n<p>Composers: Benny Davis \/ Harry Akst<\/p>\n<p>SATB and backtrack<\/p>\n<p>Arranged for Black Velvet<\/td>\n<td style=\"color: #000000; margin: 8px; cursor: text; border: 1px dashed #bbbbbb;\"><a title=\"Baby Face\" href=\"http:\/\/bragi.co.za\/wp\/wp-content\/uploads\/2016\/08\/Baby-Face.pdf\" target=\"_blank\" rel=\"noopener noreferrer\"><img data-recalc-dims=\"1\" loading=\"lazy\" decoding=\"async\" class=\" size-full wp-image-35\" src=\"https:\/\/i0.wp.com\/bragi.co.za\/wp\/wp-content\/uploads\/2016\/08\/Baby-Face.jpg?resize=200%2C282\" alt=\"\" width=\"200\" height=\"282\" \/><\/a><\/td>\n<td style=\"color: #000000; margin: 8px; cursor: text; border: 1px dashed #bbbbbb;\"><\/td>\n<\/tr>\n<tr>\n<td style=\"color: #000000; margin: 8px; cursor: text; border: 1px dashed #bbbbbb;\">Baby Mine<\/p>\n<p>from Disney&#8217;s Dumbo<\/p>\n<p>Composers: Frank Churchill \/ Ned Washington<\/p>\n<p>SATB<\/p>\n<p>Arranged for Black Velvet<\/td>\n<td style=\"color: #000000; margin: 8px; cursor: text; border: 1px dashed #bbbbbb;\"><a title=\"Baby Mine\" href=\"http:\/\/bragi.co.za\/wp\/wp-content\/uploads\/2016\/08\/BabyMine.pdf\" target=\"_blank\" rel=\"noopener noreferrer\"><img data-recalc-dims=\"1\" loading=\"lazy\" decoding=\"async\" class=\" size-full wp-image-37\" src=\"https:\/\/i0.wp.com\/bragi.co.za\/wp\/wp-content\/uploads\/2016\/08\/Baby-Mine.jpg?resize=200%2C282\" alt=\"\" width=\"200\" height=\"282\" \/><\/a><\/td>\n<td style=\"color: #000000; margin: 8px; cursor: text; border: 1px dashed #bbbbbb;\"><\/td>\n<\/tr>\n<tr>\n<td style=\"color: #000000; margin: 8px; cursor: text; border: 1px dashed #bbbbbb;\">Ben<\/p>\n<p>Composers: Walter Scharf \/ Don Black<\/p>\n<p>SATB and soloist<\/p>\n<p>Arranged for the Drakensberg Boys Choir<\/td>\n<td style=\"color: #000000; margin: 8px; cursor: text; border: 1px dashed #bbbbbb;\"><a title=\"Ben\" href=\"http:\/\/bragi.co.za\/wp\/wp-content\/uploads\/2016\/08\/Ben.pdf\" target=\"_blank\" rel=\"noopener noreferrer\"><img data-recalc-dims=\"1\" loading=\"lazy\" decoding=\"async\" class=\" size-full wp-image-39\" src=\"https:\/\/i0.wp.com\/bragi.co.za\/wp\/wp-content\/uploads\/2016\/08\/Ben.jpg?resize=200%2C282\" alt=\"\" width=\"200\" height=\"282\" \/><\/a><\/td>\n<td style=\"color: #000000; margin: 8px; cursor: text; border: 1px dashed #bbbbbb;\">\t<audio id=\"wp_mep_3\" src=\"http:\/\/bragi.co.za\/images\/audio\/arrangements\/Ben_SATB.mp3\"     controls=\"controls\" preload=\"none\"  >\r\n\t\t\r\n\t\t\r\n\t\t\r\n\t\t\r\n\t\t\r\n\t\t\r\n\t\t\r\n\t<\/audio>\r\n<script type=\"text\/javascript\">\r\njQuery(document).ready(function($) {\r\n\t$('#wp_mep_3').mediaelementplayer({\r\n\t\tm:1\r\n\t\t\r\n\t\t,features: ['playpause','current','progress','duration','volume','tracks','fullscreen']\r\n\t\t,audioWidth:400,audioHeight:30\r\n\t});\r\n});\r\n<\/script>\r\n<\/td>\n<\/tr>\n<tr>\n<td style=\"color: #000000; margin: 8px; cursor: text; border: 1px dashed #bbbbbb;\">Bohemian Rhapsody<\/p>\n<p>Song and lyrics: Freddy Mercury<\/p>\n<p>SATB<\/td>\n<td style=\"color: #000000; margin: 8px; cursor: text; border: 1px dashed #bbbbbb;\"><a title=\"Bohemian Rhapsody\" href=\"http:\/\/bragi.co.za\/wp\/wp-content\/uploads\/2016\/08\/BohemianRhapsody-SATB.pdf\" target=\"_blank\" rel=\"noopener noreferrer\"><img data-recalc-dims=\"1\" loading=\"lazy\" decoding=\"async\" class=\" size-full wp-image-41\" src=\"https:\/\/i0.wp.com\/bragi.co.za\/wp\/wp-content\/uploads\/2016\/08\/Bohemian-Rhapsody-SATB.jpg?resize=200%2C283\" alt=\"\" width=\"200\" height=\"283\" \/><\/a><\/td>\n<td style=\"color: #000000; margin: 8px; cursor: text; border: 1px dashed #bbbbbb;\">\t<audio id=\"wp_mep_4\" src=\"http:\/\/bragi.co.za\/images\/audio\/arrangements\/BohemianRhapsody-SATB.mp3\"     controls=\"controls\" preload=\"none\"  >\r\n\t\t\r\n\t\t\r\n\t\t\r\n\t\t\r\n\t\t\r\n\t\t\r\n\t\t\r\n\t<\/audio>\r\n<script type=\"text\/javascript\">\r\njQuery(document).ready(function($) {\r\n\t$('#wp_mep_4').mediaelementplayer({\r\n\t\tm:1\r\n\t\t\r\n\t\t,features: ['playpause','current','progress','duration','volume','tracks','fullscreen']\r\n\t\t,audioWidth:400,audioHeight:30\r\n\t});\r\n});\r\n<\/script>\r\n<\/td>\n<\/tr>\n<tr>\n<td style=\"color: #000000; margin: 8px; cursor: text; border: 1px dashed #bbbbbb;\">Bye Bye Love<\/p>\n<p>F\u00e9lice Bryant<\/p>\n<p>Two soloists and backtrack<\/p>\n<p>Arranged for Black Velvet<\/td>\n<td style=\"color: #000000; margin: 8px; cursor: text; border: 1px dashed #bbbbbb;\"><a title=\"Bye Bye Love\" href=\"http:\/\/bragi.co.za\/wp\/wp-content\/uploads\/2016\/08\/ByeByeLove.pdf\" target=\"_blank\" rel=\"noopener noreferrer\"><img data-recalc-dims=\"1\" loading=\"lazy\" decoding=\"async\" class=\" size-full wp-image-43\" src=\"https:\/\/i0.wp.com\/bragi.co.za\/wp\/wp-content\/uploads\/2016\/08\/Bye-Bye-Love.jpg?resize=200%2C282\" alt=\"\" width=\"200\" height=\"282\" \/><\/a><\/td>\n<td style=\"color: #000000; margin: 8px; cursor: text; border: 1px dashed #bbbbbb;\"><\/td>\n<\/tr>\n<tr>\n<td style=\"color: #000000; margin: 8px; cursor: text; border: 1px dashed #bbbbbb;\">The Climb<\/p>\n<p>Song and lyrics: Jessi Alexander \/ Jon Mabe<\/p>\n<p>SATB and soloist<\/p>\n<p>arranged for Lebone II Chamber Choir<\/td>\n<td style=\"color: #000000; margin: 8px; cursor: text; border: 1px dashed #bbbbbb;\"><a title=\"The Climb\" href=\"http:\/\/bragi.co.za\/wp\/wp-content\/uploads\/2016\/08\/TheClimb.pdf\" target=\"_blank\" rel=\"noopener noreferrer\"><img data-recalc-dims=\"1\" loading=\"lazy\" decoding=\"async\" class=\" size-full wp-image-45\" src=\"https:\/\/i0.wp.com\/bragi.co.za\/wp\/wp-content\/uploads\/2016\/08\/The-Climb.jpg?resize=200%2C282\" alt=\"\" width=\"200\" height=\"282\" \/><\/a><\/td>\n<td style=\"color: #000000; margin: 8px; cursor: text; border: 1px dashed #bbbbbb;\">\t<audio id=\"wp_mep_5\" src=\"http:\/\/bragi.co.za\/images\/audio\/arrangements\/08_The_Climb.mp3\"     controls=\"controls\" preload=\"none\"  >\r\n\t\t\r\n\t\t\r\n\t\t\r\n\t\t\r\n\t\t\r\n\t\t\r\n\t\t\r\n\t<\/audio>\r\n<script type=\"text\/javascript\">\r\njQuery(document).ready(function($) {\r\n\t$('#wp_mep_5').mediaelementplayer({\r\n\t\tm:1\r\n\t\t\r\n\t\t,features: ['playpause','current','progress','duration','volume','tracks','fullscreen']\r\n\t\t,audioWidth:400,audioHeight:30\r\n\t});\r\n});\r\n<\/script>\r\n<\/td>\n<\/tr>\n<tr>\n<td style=\"color: #000000; margin: 8px; cursor: text; border: 1px dashed #bbbbbb;\">Cotton Fields Back Home<\/p>\n<p>Composer: Huddie Ledbetter<\/p>\n<p>SATB<\/p>\n<p>Arranged for Black Velvet<\/td>\n<td style=\"color: #000000; margin: 8px; cursor: text; border: 1px dashed #bbbbbb;\"><a title=\"Cotton Fields Back Home\" href=\"http:\/\/bragi.co.za\/wp\/wp-content\/uploads\/2016\/08\/CottonFieldsBackHome.pdf\" target=\"_blank\" rel=\"noopener noreferrer\"><img data-recalc-dims=\"1\" loading=\"lazy\" decoding=\"async\" class=\" size-full wp-image-47\" src=\"https:\/\/i0.wp.com\/bragi.co.za\/wp\/wp-content\/uploads\/2016\/08\/Cotton-Fields-Back-Home.jpg?resize=200%2C282\" alt=\"\" width=\"200\" height=\"282\" \/><\/a><\/td>\n<td style=\"color: #000000; margin: 8px; cursor: text; border: 1px dashed #bbbbbb;\"><\/td>\n<\/tr>\n<tr>\n<td style=\"color: #000000; margin: 8px; cursor: text; border: 1px dashed #bbbbbb;\">Crazy Little Thing Called Love<\/p>\n<p>Composer: Freddy Mercury<\/p>\n<p>SATB and backtrack<\/p>\n<p>Arranged for Black Velvet<\/td>\n<td style=\"color: #000000; margin: 8px; cursor: text; border: 1px dashed #bbbbbb;\"><a title=\"Crazy Little Thing Called Love\" href=\"http:\/\/bragi.co.za\/wp\/wp-content\/uploads\/2016\/08\/CrazyLittleThingCalledLove.pdf\" target=\"_blank\" rel=\"noopener noreferrer\"><img data-recalc-dims=\"1\" loading=\"lazy\" decoding=\"async\" class=\" size-full wp-image-49\" src=\"https:\/\/i0.wp.com\/bragi.co.za\/wp\/wp-content\/uploads\/2016\/08\/Crazy-Little-Thing-Called-Love.jpg?resize=200%2C283\" alt=\"\" width=\"200\" height=\"283\" \/><\/a><\/td>\n<td style=\"color: #000000; margin: 8px; cursor: text; border: 1px dashed #bbbbbb;\"><\/td>\n<\/tr>\n<tr>\n<td style=\"color: #000000; margin: 8px; cursor: text; border: 1px dashed #bbbbbb;\">Danny&#8217;s Song<\/p>\n<p>Song and lyrics: Kenny Loggins<\/p>\n<p>SATB<\/p>\n<p>Arranged for Art Haecker<\/td>\n<td style=\"color: #000000; margin: 8px; cursor: text; border: 1px dashed #bbbbbb;\"><a title=\"Danny's Song\" href=\"images\/arrangement_demos\/Dannys-Song.pdf\" target=\"_blank\" rel=\"noopener noreferrer\"><img decoding=\"async\" src=\"images\/arrangement_thumbnails\/Dannys-Song.jpg\" alt=\"\" \/><\/a><\/td>\n<td style=\"color: #000000; margin: 8px; cursor: text; border: 1px dashed #bbbbbb;\">\t<audio id=\"wp_mep_6\" src=\"http:\/\/bragi.co.za\/images\/audio\/arrangements\/Dannys_Song.mp3\"     controls=\"controls\" preload=\"none\"  >\r\n\t\t\r\n\t\t\r\n\t\t\r\n\t\t\r\n\t\t\r\n\t\t\r\n\t\t\r\n\t<\/audio>\r\n<script type=\"text\/javascript\">\r\njQuery(document).ready(function($) {\r\n\t$('#wp_mep_6').mediaelementplayer({\r\n\t\tm:1\r\n\t\t\r\n\t\t,features: ['playpause','current','progress','duration','volume','tracks','fullscreen']\r\n\t\t,audioWidth:400,audioHeight:30\r\n\t});\r\n});\r\n<\/script>\r\n<\/td>\n<\/tr>\n<tr>\n<td style=\"color: #000000; margin: 8px; cursor: text; border: 1px dashed #bbbbbb;\">Ding-a-dong<\/p>\n<p>Composer: Dick Bakker<\/p>\n<p>Holland&#8217;s entry into the Eurovision Song Contest in 1975<\/p>\n<p>SATB<\/td>\n<td style=\"color: #000000; margin: 8px; cursor: text; border: 1px dashed #bbbbbb;\"><a title=\"Ding-a-dong\" href=\"http:\/\/bragi.co.za\/wp\/wp-content\/uploads\/2016\/08\/Ding-a-dong.pdf\" target=\"_blank\" rel=\"noopener noreferrer\"><img data-recalc-dims=\"1\" loading=\"lazy\" decoding=\"async\" class=\" size-full wp-image-51\" src=\"https:\/\/i0.wp.com\/bragi.co.za\/wp\/wp-content\/uploads\/2016\/08\/Ding-a-dong.jpg?resize=200%2C282\" alt=\"\" width=\"200\" height=\"282\" \/><\/a><\/td>\n<td style=\"color: #000000; margin: 8px; cursor: text; border: 1px dashed #bbbbbb;\"><\/td>\n<\/tr>\n<tr>\n<td style=\"color: #000000; margin: 8px; cursor: text; border: 1px dashed #bbbbbb;\"><span style=\"line-height: 1.3em;\">Do You Love Me<\/span><\/p>\n<p>Berry Gordy, Jr.<\/p>\n<p><span style=\"line-height: 1.3em;\">SATB and backtrack<\/span><\/p>\n<p><span style=\"line-height: 1.3em;\">Arranged for The Drakensberg Boys Choir<\/span><\/td>\n<td style=\"color: #000000; margin: 8px; cursor: text; border: 1px dashed #bbbbbb;\"><a title=\"Do You Love Me\" href=\"http:\/\/bragi.co.za\/wp\/wp-content\/uploads\/2016\/08\/DoYouLoveMe.pdf\" target=\"_blank\" rel=\"noopener noreferrer\"><img data-recalc-dims=\"1\" loading=\"lazy\" decoding=\"async\" class=\" size-full wp-image-53\" src=\"https:\/\/i0.wp.com\/bragi.co.za\/wp\/wp-content\/uploads\/2016\/08\/Do-You-Love-Me.jpg?resize=200%2C282\" alt=\"\" width=\"200\" height=\"282\" \/><\/a><\/td>\n<td style=\"color: #000000; margin: 8px; cursor: text; border: 1px dashed #bbbbbb;\"><\/td>\n<\/tr>\n<tr>\n<td style=\"color: #000000; margin: 8px; cursor: text; border: 1px dashed #bbbbbb;\">Don&#8217;t Worry Baby<\/td>\n<td style=\"color: #000000; margin: 8px; cursor: text; border: 1px dashed #bbbbbb;\"><a title=\"Don't Worry Baby\" href=\"http:\/\/bragi.co.za\/wp\/wp-content\/uploads\/2016\/08\/DontWorryBaby.pdf\" target=\"_blank\" rel=\"noopener noreferrer\"><img data-recalc-dims=\"1\" loading=\"lazy\" decoding=\"async\" class=\" size-full wp-image-55\" src=\"https:\/\/i0.wp.com\/bragi.co.za\/wp\/wp-content\/uploads\/2016\/08\/Dont-Worry-Baby.jpg?resize=200%2C282\" alt=\"\" width=\"200\" height=\"282\" \/><\/a><\/td>\n<td style=\"color: #000000; margin: 8px; cursor: text; border: 1px dashed #bbbbbb;\"><\/td>\n<\/tr>\n<tr>\n<td style=\"color: #000000; margin: 8px; cursor: text; border: 1px dashed #bbbbbb;\">Dream a Little Dream of Me<\/p>\n<p>Composer: Fabian Andre<\/p>\n<p><span style=\"line-height: 1.3em;\">SATB and backtrack<\/span><\/p>\n<p><span style=\"line-height: 1.3em;\">Arranged for Drakensberg Boys Choir School Chamber Choir<\/span><\/td>\n<td style=\"color: #000000; margin: 8px; cursor: text; border: 1px dashed #bbbbbb;\"><a title=\"Dream a Little Dream of Me\" href=\"http:\/\/bragi.co.za\/wp\/wp-content\/uploads\/2016\/08\/DreamALittleDreamOfMe.pdf\" target=\"_blank\" rel=\"noopener noreferrer\"><img data-recalc-dims=\"1\" loading=\"lazy\" decoding=\"async\" class=\" size-full wp-image-57\" src=\"https:\/\/i0.wp.com\/bragi.co.za\/wp\/wp-content\/uploads\/2016\/08\/Dream-a-Little-Dream-of-Me.jpg?resize=200%2C282\" alt=\"\" width=\"200\" height=\"282\" \/><\/a><\/td>\n<td style=\"color: #000000; margin: 8px; cursor: text; border: 1px dashed #bbbbbb;\"><\/td>\n<\/tr>\n<tr>\n<td style=\"color: #000000; margin: 8px; cursor: text; border: 1px dashed #bbbbbb;\">Ein Bisschen Frieden<\/p>\n<p>Composer: Ralph Siegel<\/p>\n<p>Germany&#8217;s Eurovision Entry in 1982<\/p>\n<p>SATB (Chorus only)<\/td>\n<td><a title=\"Ein bisschen Frieden\" href=\"http:\/\/bragi.co.za\/wp\/wp-content\/uploads\/2016\/08\/EinBisschenFrieden.pdf\" target=\"_blank\" rel=\"noopener noreferrer\"><img data-recalc-dims=\"1\" loading=\"lazy\" decoding=\"async\" class=\" size-full wp-image-59\" src=\"https:\/\/i0.wp.com\/bragi.co.za\/wp\/wp-content\/uploads\/2016\/08\/Ein-bisschen-frieden.jpg?resize=200%2C282\" alt=\"\" width=\"200\" height=\"282\" \/><\/a><\/td>\n<td><\/td>\n<\/tr>\n<tr>\n<td>Fame<\/p>\n<p>Composer: Michael Gore<\/p>\n<p>SATB and backtrack<\/p>\n<p>Arranged for Black Velvet<\/td>\n<td style=\"color: #000000; margin: 8px; cursor: text; border: 1px dashed #bbbbbb;\"><a title=\"Fame\" href=\"http:\/\/bragi.co.za\/wp\/wp-content\/uploads\/2016\/08\/Fame.pdf\" target=\"_blank\" rel=\"noopener noreferrer\"><img data-recalc-dims=\"1\" loading=\"lazy\" decoding=\"async\" class=\" size-full wp-image-61\" src=\"https:\/\/i0.wp.com\/bragi.co.za\/wp\/wp-content\/uploads\/2016\/08\/Fame.jpg?resize=200%2C282\" alt=\"\" width=\"200\" height=\"282\" \/><\/a><\/td>\n<td style=\"color: #000000; margin: 8px; cursor: text; border: 1px dashed #bbbbbb;\"><\/td>\n<\/tr>\n<tr>\n<td>Fix You<\/p>\n<p>Composer: Coldplay<\/p>\n<p>SATB<\/td>\n<td style=\"color: #000000; margin: 8px; cursor: text; border: 1px dashed #bbbbbb;\"><a title=\"Fix You\" href=\"images\/arrangement_demos\/Fix_You_SATB.pdf\" target=\"_blank\" rel=\"noopener noreferrer\"><img decoding=\"async\" src=\"images\/arrangement_thumbnails\/Fix_You_SATB.jpg\" alt=\"\" \/><\/a><\/td>\n<td style=\"color: #000000; margin: 8px; cursor: text; border: 1px dashed #bbbbbb;\">This recording is of the TTBB version:\t<audio id=\"wp_mep_7\" src=\"http:\/\/bragi.co.za\/images\/audio\/arrangements\/Fix_You.mp3\"     controls=\"controls\" preload=\"none\"  >\r\n\t\t\r\n\t\t\r\n\t\t\r\n\t\t\r\n\t\t\r\n\t\t\r\n\t\t\r\n\t<\/audio>\r\n<script type=\"text\/javascript\">\r\njQuery(document).ready(function($) {\r\n\t$('#wp_mep_7').mediaelementplayer({\r\n\t\tm:1\r\n\t\t\r\n\t\t,features: ['playpause','current','progress','duration','volume','tracks','fullscreen']\r\n\t\t,audioWidth:400,audioHeight:30\r\n\t});\r\n});\r\n<\/script>\r\n<\/td>\n<\/tr>\n<tr>\n<td style=\"color: #000000; margin: 8px; cursor: text; border: 1px dashed #bbbbbb;\">Fly Me To The Moon<\/p>\n<p>Composer: Bart Howard<\/p>\n<p>SATB and backtrack<\/p>\n<p>Arranged for Black Velvet<\/td>\n<td style=\"color: #000000; margin: 8px; cursor: text; border: 1px dashed #bbbbbb;\"><a title=\"Fly Me To The Moon\" href=\"http:\/\/bragi.co.za\/wp\/wp-content\/uploads\/2016\/08\/FlyMeToTheMoon.pdf\" target=\"_blank\" rel=\"noopener noreferrer\"><img data-recalc-dims=\"1\" loading=\"lazy\" decoding=\"async\" class=\" size-full wp-image-63\" src=\"https:\/\/i0.wp.com\/bragi.co.za\/wp\/wp-content\/uploads\/2016\/08\/Fly-Me-To-The-Moon.jpg?resize=200%2C282\" alt=\"\" width=\"200\" height=\"282\" \/><\/a><\/td>\n<td style=\"color: #000000; margin: 8px; cursor: text; border: 1px dashed #bbbbbb;\"><\/td>\n<\/tr>\n<tr>\n<td style=\"color: #000000; margin: 8px; cursor: text; border: 1px dashed #bbbbbb;\">Gangnam Style<\/p>\n<p>PSY<\/p>\n<p>SATB version for Lebone II Chamber Choir<\/td>\n<td style=\"color: #000000; margin: 8px; cursor: text; border: 1px dashed #bbbbbb;\"><a title=\"Gangnam Style - SATB\" href=\"http:\/\/bragi.co.za\/wp\/wp-content\/uploads\/2016\/08\/GangnamStyle-SATB.pdf\" target=\"_blank\" rel=\"noopener noreferrer\"><img data-recalc-dims=\"1\" loading=\"lazy\" decoding=\"async\" class=\" size-full wp-image-65\" src=\"https:\/\/i0.wp.com\/bragi.co.za\/wp\/wp-content\/uploads\/2016\/08\/Gangnam-Style-SATB.jpg?resize=200%2C282\" alt=\"\" width=\"200\" height=\"282\" \/><\/a><\/td>\n<td style=\"color: #000000; margin: 8px; cursor: text; border: 1px dashed #bbbbbb;\">\t<audio id=\"wp_mep_8\" src=\"http:\/\/bragi.co.za\/images\/audio\/arrangements\/Gangnam_Style.mp3\"     controls=\"controls\" preload=\"none\"  >\r\n\t\t\r\n\t\t\r\n\t\t\r\n\t\t\r\n\t\t\r\n\t\t\r\n\t\t\r\n\t<\/audio>\r\n<script type=\"text\/javascript\">\r\njQuery(document).ready(function($) {\r\n\t$('#wp_mep_8').mediaelementplayer({\r\n\t\tm:1\r\n\t\t\r\n\t\t,features: ['playpause','current','progress','duration','volume','tracks','fullscreen']\r\n\t\t,audioWidth:400,audioHeight:30\r\n\t});\r\n});\r\n<\/script>\r\n<\/td>\n<\/tr>\n<tr>\n<td style=\"color: #000000; margin: 8px; cursor: text; border: 1px dashed #bbbbbb;\">Give Me Hope Joanna<\/p>\n<p>SATB + Marimbas<\/p>\n<p>arranged for Lebone II College Choir<\/td>\n<td style=\"color: #000000; margin: 8px; cursor: text; border: 1px dashed #bbbbbb;\"><a title=\"Give Me Hope Joanna\" href=\"http:\/\/bragi.co.za\/wp\/wp-content\/uploads\/2016\/08\/GiveMeHopeJoanna-SATB.pdf\" target=\"_blank\" rel=\"noopener noreferrer\"><img data-recalc-dims=\"1\" loading=\"lazy\" decoding=\"async\" class=\" size-full wp-image-67\" src=\"https:\/\/i0.wp.com\/bragi.co.za\/wp\/wp-content\/uploads\/2016\/08\/Give-Me-Hope-Joanna-SATB.jpg?resize=200%2C282\" alt=\"\" width=\"200\" height=\"282\" \/><\/a><\/td>\n<td style=\"color: #000000; margin: 8px; cursor: text; border: 1px dashed #bbbbbb;\"><\/td>\n<\/tr>\n<tr>\n<td>Hallelujah<\/p>\n<p>(Israel&#8217;s Eurovision entry in 1979)<\/p>\n<p>SATB (no accompaniment)<\/td>\n<td style=\"color: #000000; margin: 8px; cursor: text; border: 1px dashed #bbbbbb;\"><a title=\"Hallelujah\" href=\"http:\/\/bragi.co.za\/wp\/wp-content\/uploads\/2016\/08\/Hallelujah.pdf\" target=\"_blank\" rel=\"noopener noreferrer\"><img data-recalc-dims=\"1\" loading=\"lazy\" decoding=\"async\" class=\" size-full wp-image-69\" src=\"https:\/\/i0.wp.com\/bragi.co.za\/wp\/wp-content\/uploads\/2016\/08\/Hallelujah.jpg?resize=200%2C282\" alt=\"\" width=\"200\" height=\"282\" \/><\/a><\/td>\n<td style=\"color: #000000; margin: 8px; cursor: text; border: 1px dashed #bbbbbb;\"><\/td>\n<\/tr>\n<tr>\n<td style=\"color: #000000; margin: 8px; cursor: text; border: 1px dashed #bbbbbb;\">Hello<\/p>\n<p>(as made famous by Adele)<\/p>\n<p>SATB and soloist<\/td>\n<td style=\"color: #000000; margin: 8px; cursor: text; border: 1px dashed #bbbbbb;\"><a title=\"Hello (Adele)\" href=\"http:\/\/bragi.co.za\/wp\/wp-content\/uploads\/2016\/08\/Hello-Adele-SATB.pdf\" target=\"_blank\" rel=\"noopener noreferrer\"><img data-recalc-dims=\"1\" loading=\"lazy\" decoding=\"async\" class=\" size-full wp-image-71\" src=\"https:\/\/i0.wp.com\/bragi.co.za\/wp\/wp-content\/uploads\/2016\/08\/Hello-Adele-SATB.jpg?resize=200%2C282\" alt=\"\" width=\"200\" height=\"282\" \/><\/a><\/td>\n<td>\t<audio id=\"wp_mep_9\" src=\"http:\/\/bragi.co.za\/images\/audio\/arrangements\/Hello_Adele.mp3\"     controls=\"controls\" preload=\"none\"  >\r\n\t\t\r\n\t\t\r\n\t\t\r\n\t\t\r\n\t\t\r\n\t\t\r\n\t\t\r\n\t<\/audio>\r\n<script type=\"text\/javascript\">\r\njQuery(document).ready(function($) {\r\n\t$('#wp_mep_9').mediaelementplayer({\r\n\t\tm:1\r\n\t\t\r\n\t\t,features: ['playpause','current','progress','duration','volume','tracks','fullscreen']\r\n\t\t,audioWidth:400,audioHeight:30\r\n\t});\r\n});\r\n<\/script>\r\n<\/p>\n<p><span style=\"color: #000000;\">\u00a0<\/span><\/td>\n<\/tr>\n<tr>\n<td style=\"color: #000000; margin: 8px; cursor: text; border: 1px dashed #bbbbbb;\">Hello Mashup<\/p>\n<p>Contains the songs Hello, All of Me, One of Us, Pokerface, Barbie Girl and Africa.<\/p>\n<p>SATB and soloists<\/td>\n<td style=\"color: #000000; margin: 8px; cursor: text; border: 1px dashed #bbbbbb;\"><a title=\"Hello Mashup\" href=\"http:\/\/bragi.co.za\/wp\/wp-content\/uploads\/2016\/08\/HelloMashup.pdf\" target=\"_blank\" rel=\"noopener noreferrer\"><img data-recalc-dims=\"1\" loading=\"lazy\" decoding=\"async\" class=\" size-full wp-image-73\" src=\"https:\/\/i0.wp.com\/bragi.co.za\/wp\/wp-content\/uploads\/2016\/08\/Hello-mashup.jpg?resize=200%2C281\" alt=\"\" width=\"200\" height=\"281\" \/><\/a><\/td>\n<td style=\"color: #000000; margin: 8px; cursor: text; border: 1px dashed #bbbbbb;\">\t<audio id=\"wp_mep_10\" src=\"http:\/\/bragi.co.za\/images\/audio\/arrangements\/Hello_mashup.mp3\"     controls=\"controls\" preload=\"none\"  >\r\n\t\t\r\n\t\t\r\n\t\t\r\n\t\t\r\n\t\t\r\n\t\t\r\n\t\t\r\n\t<\/audio>\r\n<script type=\"text\/javascript\">\r\njQuery(document).ready(function($) {\r\n\t$('#wp_mep_10').mediaelementplayer({\r\n\t\tm:1\r\n\t\t\r\n\t\t,features: ['playpause','current','progress','duration','volume','tracks','fullscreen']\r\n\t\t,audioWidth:400,audioHeight:30\r\n\t});\r\n});\r\n<\/script>\r\n<\/td>\n<\/tr>\n<tr>\n<td style=\"color: #000000; margin: 8px; cursor: text; border: 1px dashed #bbbbbb;\">I Gave My Love a Cherry<\/p>\n<p>Mountain song from Kentucky<\/p>\n<p>SATB and soloist<\/p>\n<p>arranged for Lebone II Chamber Choir<\/td>\n<td style=\"color: #000000; margin: 8px; cursor: text; border: 1px dashed #bbbbbb;\"><a title=\"I Gave My Love a Cherry\" href=\"http:\/\/bragi.co.za\/wp\/wp-content\/uploads\/2016\/08\/IGaveMyLoveACherry.pdf\" target=\"_blank\" rel=\"noopener noreferrer\"><img data-recalc-dims=\"1\" loading=\"lazy\" decoding=\"async\" class=\" size-full wp-image-75\" src=\"https:\/\/i0.wp.com\/bragi.co.za\/wp\/wp-content\/uploads\/2016\/08\/I-Gave-My-Love-a-Cherry.jpg?resize=200%2C282\" alt=\"\" width=\"200\" height=\"282\" \/><\/a><\/td>\n<td style=\"color: #000000; margin: 8px; cursor: text; border: 1px dashed #bbbbbb;\"><\/td>\n<\/tr>\n<tr>\n<td style=\"color: #000000; margin: 8px; cursor: text; border: 1px dashed #bbbbbb;\">I Think of Angels<\/p>\n<p>Song\u00a0and lyrics: KK<\/p>\n<p>SATB, solo and piano<\/td>\n<td style=\"color: #000000; margin: 8px; cursor: text; border: 1px dashed #bbbbbb;\"><a title=\"I Think of Angels\" href=\"http:\/\/bragi.co.za\/wp\/wp-content\/uploads\/2016\/08\/IThinkOfAngels-SATB.pdf\" target=\"_blank\" rel=\"noopener noreferrer\"><img data-recalc-dims=\"1\" loading=\"lazy\" decoding=\"async\" class=\" size-full wp-image-77\" src=\"https:\/\/i0.wp.com\/bragi.co.za\/wp\/wp-content\/uploads\/2016\/08\/I-think-of-angels-SATB.jpg?resize=200%2C282\" alt=\"\" width=\"200\" height=\"282\" \/><\/a><\/td>\n<td style=\"color: #000000; margin: 8px; cursor: text; border: 1px dashed #bbbbbb;\">\t<audio id=\"wp_mep_11\" src=\"http:\/\/bragi.co.za\/images\/audio\/arrangements\/I_Think_of_Angels.mp3\"     controls=\"controls\" preload=\"none\"  >\r\n\t\t\r\n\t\t\r\n\t\t\r\n\t\t\r\n\t\t\r\n\t\t\r\n\t\t\r\n\t<\/audio>\r\n<script type=\"text\/javascript\">\r\njQuery(document).ready(function($) {\r\n\t$('#wp_mep_11').mediaelementplayer({\r\n\t\tm:1\r\n\t\t\r\n\t\t,features: ['playpause','current','progress','duration','volume','tracks','fullscreen']\r\n\t\t,audioWidth:400,audioHeight:30\r\n\t});\r\n});\r\n<\/script>\r\n<\/td>\n<\/tr>\n<tr>\n<td style=\"color: #000000; margin: 8px; cursor: text; border: 1px dashed #bbbbbb;\">I&#8217;m Not a Girl, Not Yet a Woman<\/p>\n<p>Composers: Dido, Max Martin and Rami<\/p>\n<p>SATB and backtrack<\/td>\n<td style=\"color: #000000; margin: 8px; cursor: text; border: 1px dashed #bbbbbb;\"><a title=\"I'm Not a Girl, Not Yet a Woman\" href=\"http:\/\/bragi.co.za\/wp\/wp-content\/uploads\/2016\/08\/ImNotAGirlNotYetAWoman-SATB.pdf\" target=\"_blank\" rel=\"noopener noreferrer\"><img data-recalc-dims=\"1\" loading=\"lazy\" decoding=\"async\" class=\" size-full wp-image-79\" src=\"https:\/\/i0.wp.com\/bragi.co.za\/wp\/wp-content\/uploads\/2016\/08\/Im-Not-a-Girl-Not-Yet-a-Woman-SATB.jpg?resize=200%2C282\" alt=\"\" width=\"200\" height=\"282\" \/><\/a><\/td>\n<td style=\"color: #000000; margin: 8px; cursor: text; border: 1px dashed #bbbbbb;\"><\/td>\n<\/tr>\n<tr>\n<td style=\"color: #000000; margin: 8px; cursor: text; border: 1px dashed #bbbbbb;\">In The Ghetto<\/p>\n<p>Composer: Mac Davis<\/p>\n<p>SATB and backtrack<\/p>\n<p>arranged for Black Velvet<\/td>\n<td style=\"color: #000000; margin: 8px; cursor: text; border: 1px dashed #bbbbbb;\"><a title=\"In The Ghetto\" href=\"http:\/\/bragi.co.za\/wp\/wp-content\/uploads\/2016\/08\/InTheGhetto.pdf\" target=\"_blank\" rel=\"noopener noreferrer\"><img data-recalc-dims=\"1\" loading=\"lazy\" decoding=\"async\" class=\" size-full wp-image-81\" src=\"https:\/\/i0.wp.com\/bragi.co.za\/wp\/wp-content\/uploads\/2016\/08\/In-The-Ghetto.jpg?resize=200%2C282\" alt=\"\" width=\"200\" height=\"282\" \/><\/a><\/td>\n<td style=\"color: #000000; margin: 8px; cursor: text; border: 1px dashed #bbbbbb;\"><\/td>\n<\/tr>\n<tr>\n<td style=\"color: #000000; margin: 8px; cursor: text; border: 1px dashed #bbbbbb;\">Into the Light<\/p>\n<p>Composer: J\u00f3hann Helgason (copyright 1977)<\/p>\n<p>Lyricists: Reg Meuross and Jon Kjell Seljeseth<\/p>\n<p>SATB a capella<\/td>\n<td style=\"color: #000000; margin: 8px; cursor: text; border: 1px dashed #bbbbbb;\"><a title=\"Into the Light\" href=\"images\/arrangement_demos\/Into_the_Light_SATB_demo.pdf\" target=\"_blank\" rel=\"noopener noreferrer\"><img decoding=\"async\" src=\"images\/arrangement_thumbnails\/Into_the_Light_SATB.jpg\" alt=\"\" \/><\/a><\/td>\n<td style=\"color: #000000; margin: 8px; cursor: text; border: 1px dashed #bbbbbb;\">\t<audio id=\"wp_mep_12\" src=\"http:\/\/bragi.co.za\/images\/audio\/arrangements\/Into_The_Light_SATB.mp3\"     controls=\"controls\" preload=\"none\"  >\r\n\t\t\r\n\t\t\r\n\t\t\r\n\t\t\r\n\t\t\r\n\t\t\r\n\t\t\r\n\t<\/audio>\r\n<script type=\"text\/javascript\">\r\njQuery(document).ready(function($) {\r\n\t$('#wp_mep_12').mediaelementplayer({\r\n\t\tm:1\r\n\t\t\r\n\t\t,features: ['playpause','current','progress','duration','volume','tracks','fullscreen']\r\n\t\t,audioWidth:400,audioHeight:30\r\n\t});\r\n});\r\n<\/script>\r\n<\/td>\n<\/tr>\n<tr>\n<td style=\"color: #000000; margin: 8px; cursor: text; border: 1px dashed #bbbbbb;\">Islands in the Stream<\/p>\n<p>Composers: Barry Gibb, Maurice Gibb, Robin Gibb<\/p>\n<p>SATB + backtrack<\/p>\n<p>arranged for Black Velvet<\/td>\n<td style=\"color: #000000; margin: 8px; cursor: text; border: 1px dashed #bbbbbb;\"><a title=\"Islands in the Stream\" href=\"http:\/\/bragi.co.za\/wp\/wp-content\/uploads\/2016\/08\/IslandsInTheStream.pdf\" target=\"_blank\" rel=\"noopener noreferrer\"><img data-recalc-dims=\"1\" loading=\"lazy\" decoding=\"async\" class=\" size-full wp-image-83\" src=\"https:\/\/i0.wp.com\/bragi.co.za\/wp\/wp-content\/uploads\/2016\/08\/Islands-In-The-Stream.jpg?resize=200%2C282\" alt=\"\" width=\"200\" height=\"282\" \/><\/a><\/td>\n<td style=\"color: #000000; margin: 8px; cursor: text; border: 1px dashed #bbbbbb;\"><\/td>\n<\/tr>\n<tr>\n<td style=\"color: #000000; margin: 8px; cursor: text; border: 1px dashed #bbbbbb;\">Jungle Drum<\/p>\n<p>Composers: Dan Carey \/ Emiliana Torrini<\/p>\n<p>SATB and backtrack<\/p>\n<p>arranged for The Drakensberg Boys Choir<\/td>\n<td style=\"color: #000000; margin: 8px; cursor: text; border: 1px dashed #bbbbbb;\"><a title=\"Jungle Drum\" href=\"http:\/\/bragi.co.za\/wp\/wp-content\/uploads\/2016\/08\/JungleDrum.pdf\" target=\"_blank\" rel=\"noopener noreferrer\"><img data-recalc-dims=\"1\" loading=\"lazy\" decoding=\"async\" class=\" size-full wp-image-85\" src=\"https:\/\/i0.wp.com\/bragi.co.za\/wp\/wp-content\/uploads\/2016\/08\/Jungle-Drum.jpg?resize=200%2C282\" alt=\"\" width=\"200\" height=\"282\" \/><\/a><\/td>\n<td style=\"color: #000000; margin: 8px; cursor: text; border: 1px dashed #bbbbbb;\">Watch a performance by the Drakensberg Boys Choir:<\/p>\n<p>{yendifplayer youtube=https:\/\/www.youtube.com\/watch?v=Q9A1Izx3VE4 autoplay=0}<\/td>\n<\/tr>\n<tr>\n<td style=\"color: #000000; margin: 8px; cursor: text; border: 1px dashed #bbbbbb;\">Kokomo<\/p>\n<p>Composer: Brian Wilson<\/p>\n<p>SATB + back<span style=\"line-height: 1.3em;\">track<\/span><\/p>\n<p>arranged for Black Velvet<\/td>\n<td style=\"color: #000000; margin: 8px; cursor: text; border: 1px dashed #bbbbbb;\"><a title=\"Kokomo\" href=\"http:\/\/bragi.co.za\/wp\/wp-content\/uploads\/2016\/08\/Kokomo.pdf\" target=\"_blank\" rel=\"noopener noreferrer\"><img data-recalc-dims=\"1\" loading=\"lazy\" decoding=\"async\" class=\" size-full wp-image-87\" src=\"https:\/\/i0.wp.com\/bragi.co.za\/wp\/wp-content\/uploads\/2016\/08\/Kokomo.jpg?resize=200%2C282\" alt=\"\" width=\"200\" height=\"282\" \/><\/a><\/td>\n<td style=\"color: #000000; margin: 8px; cursor: text; border: 1px dashed #bbbbbb;\"><\/td>\n<\/tr>\n<tr>\n<td style=\"color: #000000; margin: 8px; cursor: text; border: 1px dashed #bbbbbb;\">The Letter N<\/p>\n<p>Composer unknown<\/p>\n<p>(song performed by Ricky Gervais on Sesame Street)<\/p>\n<p>SATB<\/td>\n<td style=\"color: #000000; margin: 8px; cursor: text; border: 1px dashed #bbbbbb;\"><a title=\"The Letter N\" href=\"http:\/\/bragi.co.za\/wp\/wp-content\/uploads\/2016\/08\/TheLetterN.pdf\" target=\"_blank\" rel=\"noopener noreferrer\"><img data-recalc-dims=\"1\" loading=\"lazy\" decoding=\"async\" class=\" size-full wp-image-89\" src=\"https:\/\/i0.wp.com\/bragi.co.za\/wp\/wp-content\/uploads\/2016\/08\/The-Letter-N.jpg?resize=200%2C276\" alt=\"\" width=\"200\" height=\"276\" \/><\/a><\/td>\n<td style=\"color: #000000; margin: 8px; cursor: text; border: 1px dashed #bbbbbb;\"><\/td>\n<\/tr>\n<tr>\n<td style=\"color: #000000; margin: 8px; cursor: text; border: 1px dashed #bbbbbb;\">Oops Baby I Did It One More Time Again<\/p>\n<p>Composers: Max Martin and Rami Yacoub<\/p>\n<p>Mashup concept: Dan\u00edel Brandur Sigurgeirsson<\/p>\n<p>SATB + Backtrack<\/p>\n<p>arranged for Black Velvet<\/td>\n<td style=\"cursor: text; border: 1px dashed #bbbbbb;\"><a title=\"Oops Baby I Did It One More Time Again\" href=\"http:\/\/bragi.co.za\/wp\/wp-content\/uploads\/2016\/08\/OopsBabyIDidItOneMoreTimeAgain.pdf\" target=\"_blank\" rel=\"noopener noreferrer\"><img data-recalc-dims=\"1\" loading=\"lazy\" decoding=\"async\" class=\" size-full wp-image-91\" src=\"https:\/\/i0.wp.com\/bragi.co.za\/wp\/wp-content\/uploads\/2016\/08\/Oops-Baby-I-Did-It-One-More-Time-Again.jpg?resize=200%2C282\" alt=\"\" width=\"200\" height=\"282\" \/><\/a><\/td>\n<td style=\"color: #000000; margin: 8px; cursor: text; border: 1px dashed #bbbbbb;\"><\/td>\n<\/tr>\n<tr>\n<td style=\"color: #000000; margin: 8px; cursor: text; border: 1px dashed #bbbbbb;\">Pata Pata<\/p>\n<p>Composer: Dorothy Masuka<\/p>\n<p>SATB<\/p>\n<p>arranged for The Drakensberg Boys Choir<\/td>\n<td style=\"color: #000000; margin: 8px; cursor: text; border: 1px dashed #bbbbbb;\"><a title=\"Pata Pata\" href=\"http:\/\/bragi.co.za\/wp\/wp-content\/uploads\/2016\/08\/PataPata-SATB.pdf\" target=\"_blank\" rel=\"noopener noreferrer\"><img data-recalc-dims=\"1\" loading=\"lazy\" decoding=\"async\" class=\" size-full wp-image-93\" src=\"https:\/\/i0.wp.com\/bragi.co.za\/wp\/wp-content\/uploads\/2016\/08\/Pata-Pata-TTBB.jpg?resize=200%2C283\" alt=\"\" width=\"200\" height=\"283\" \/><\/a><\/td>\n<td style=\"color: #000000; margin: 8px; cursor: text; border: 1px dashed #bbbbbb;\"><\/td>\n<\/tr>\n<tr>\n<td style=\"color: #000000; margin: 8px; cursor: text; border: 1px dashed #bbbbbb;\">Sandy (from Grease)<\/p>\n<p>Composers: Scott Simon and Louis St. Louis<\/p>\n<p>SATB and backtrack<\/p>\n<p>Arranged for Black Velvet<\/td>\n<td style=\"color: #000000; margin: 8px; cursor: text; border: 1px dashed #bbbbbb;\"><a title=\"Sandy\" href=\"http:\/\/bragi.co.za\/wp\/wp-content\/uploads\/2016\/08\/Sandy.pdf\" target=\"_blank\" rel=\"noopener noreferrer\"><img data-recalc-dims=\"1\" loading=\"lazy\" decoding=\"async\" class=\" size-full wp-image-95\" src=\"https:\/\/i0.wp.com\/bragi.co.za\/wp\/wp-content\/uploads\/2016\/08\/Sandy.jpg?resize=200%2C282\" alt=\"\" width=\"200\" height=\"282\" \/><\/a><\/td>\n<td style=\"color: #000000; margin: 8px; cursor: text; border: 1px dashed #bbbbbb;\"><\/td>\n<\/tr>\n<tr>\n<td style=\"color: #000000; margin: 8px; cursor: text; border: 1px dashed #bbbbbb;\">Santa Baby<\/p>\n<p>Composer: Joan Javits<\/p>\n<p>SATB and backtrack<\/p>\n<p>Arranged for Black Velvet<\/td>\n<td style=\"color: #000000; margin: 8px; cursor: text; border: 1px dashed #bbbbbb;\"><a title=\"Santa Baby\" href=\"http:\/\/bragi.co.za\/wp\/wp-content\/uploads\/2016\/08\/SantaBaby.pdf\" target=\"_blank\" rel=\"noopener noreferrer\"><img data-recalc-dims=\"1\" loading=\"lazy\" decoding=\"async\" class=\" size-full wp-image-97\" src=\"https:\/\/i0.wp.com\/bragi.co.za\/wp\/wp-content\/uploads\/2016\/08\/Santa-Baby.jpg?resize=200%2C282\" alt=\"\" width=\"200\" height=\"282\" \/><\/a><\/td>\n<td style=\"color: #000000; margin: 8px; cursor: text; border: 1px dashed #bbbbbb;\"><\/td>\n<\/tr>\n<tr>\n<td style=\"color: #000000; margin: 8px; cursor: text; border: 1px dashed #bbbbbb;\">Someone Like You &#8220;mashup&#8221;<\/p>\n<p>Someone Like \u00a0You \/ Hot &#8216;N&#8217; Cold \/ Edge of Glory<\/p>\n<p>Composers: D Wilson, Adele \/ L Gottwald, K Perry, M Martin \/<br \/>\n<span style=\"line-height: 1.3em;\">Lady Gaga, F. Garibay, Dj White Shadow<\/span><\/p>\n<p>SATB and soloists<\/p>\n<p>arranged for Lebone II Chamber Choir<\/td>\n<td style=\"color: #000000; margin: 8px; cursor: text; border: 1px dashed #bbbbbb;\"><a title=\"Someone Like You mashup\" href=\"http:\/\/bragi.co.za\/wp\/wp-content\/uploads\/2016\/08\/SomeoneLikeYouMashup-SATB.pdf\" target=\"_blank\" rel=\"noopener noreferrer\"><img data-recalc-dims=\"1\" loading=\"lazy\" decoding=\"async\" class=\" size-full wp-image-99\" src=\"https:\/\/i0.wp.com\/bragi.co.za\/wp\/wp-content\/uploads\/2016\/08\/Someone-Like-You-mashup-SATB.jpg?resize=200%2C282\" alt=\"\" width=\"200\" height=\"282\" \/><\/a><\/td>\n<td style=\"color: #000000; margin: 8px; cursor: text; border: 1px dashed #bbbbbb;\">\t<audio id=\"wp_mep_13\" src=\"http:\/\/bragi.co.za\/images\/audio\/arrangements\/11_Someone_Like_You_mashup.mp3\"     controls=\"controls\" preload=\"none\"  >\r\n\t\t\r\n\t\t\r\n\t\t\r\n\t\t\r\n\t\t\r\n\t\t\r\n\t\t\r\n\t<\/audio>\r\n<script type=\"text\/javascript\">\r\njQuery(document).ready(function($) {\r\n\t$('#wp_mep_13').mediaelementplayer({\r\n\t\tm:1\r\n\t\t\r\n\t\t,features: ['playpause','current','progress','duration','volume','tracks','fullscreen']\r\n\t\t,audioWidth:400,audioHeight:30\r\n\t});\r\n});\r\n<\/script>\r\n<\/td>\n<\/tr>\n<tr>\n<td style=\"color: #000000; margin: 8px; cursor: text; border: 1px dashed #bbbbbb;\">Somerkersfees<\/p>\n<p>Koos du Plessis<\/p>\n<p>SATB<\/p>\n<p>Arranged for Black Velvet<\/td>\n<td style=\"color: #000000; margin: 8px; cursor: text; border: 1px dashed #bbbbbb;\"><a title=\"Somerkersfees\" href=\"http:\/\/bragi.co.za\/wp\/wp-content\/uploads\/2016\/08\/Somerkersfees.pdf\" target=\"_blank\" rel=\"noopener noreferrer\"><img data-recalc-dims=\"1\" loading=\"lazy\" decoding=\"async\" class=\" size-full wp-image-101\" src=\"https:\/\/i0.wp.com\/bragi.co.za\/wp\/wp-content\/uploads\/2016\/08\/Somerkersfees.jpg?resize=200%2C283\" alt=\"\" width=\"200\" height=\"283\" \/><\/a><\/td>\n<td style=\"color: #000000; margin: 8px; cursor: text; border: 1px dashed #bbbbbb;\">\t<audio id=\"wp_mep_14\" src=\"http:\/\/bragi.co.za\/images\/audio\/arrangements\/Somerkersfees.mp3\"     controls=\"controls\" preload=\"none\"  >\r\n\t\t\r\n\t\t\r\n\t\t\r\n\t\t\r\n\t\t\r\n\t\t\r\n\t\t\r\n\t<\/audio>\r\n<script type=\"text\/javascript\">\r\njQuery(document).ready(function($) {\r\n\t$('#wp_mep_14').mediaelementplayer({\r\n\t\tm:1\r\n\t\t\r\n\t\t,features: ['playpause','current','progress','duration','volume','tracks','fullscreen']\r\n\t\t,audioWidth:400,audioHeight:30\r\n\t});\r\n});\r\n<\/script>\r\n<\/td>\n<\/tr>\n<tr>\n<td style=\"color: #000000; margin: 8px; cursor: text; border: 1px dashed #bbbbbb;\">Stand By Me &#8220;mashup&#8221;<\/p>\n<p>Stand By Me \/ Every Breath You Take \/ Beautiful Girls<\/p>\n<p>Composers: Ben E. King, Sting, Andy Summers<br \/>\nand Sean Kingston<\/p>\n<p>SATB and soloists<\/p>\n<p>arranged for Lebone II Chamber Choir<\/td>\n<td style=\"color: #000000; margin: 8px; cursor: text; border: 1px dashed #bbbbbb;\"><a title=\"Stand By Me mashup\" href=\"http:\/\/bragi.co.za\/wp\/wp-content\/uploads\/2016\/08\/standbyme_mashup.pdf\" target=\"_blank\" rel=\"noopener noreferrer\"><img data-recalc-dims=\"1\" loading=\"lazy\" decoding=\"async\" class=\" size-full wp-image-103\" src=\"https:\/\/i0.wp.com\/bragi.co.za\/wp\/wp-content\/uploads\/2016\/08\/Stand-By-Me-and-Every-Breath-You-Take.jpg?resize=200%2C282\" alt=\"\" width=\"200\" height=\"282\" \/><\/a><\/td>\n<td style=\"color: #000000; margin: 8px; cursor: text; border: 1px dashed #bbbbbb;\">\t<audio id=\"wp_mep_15\" src=\"http:\/\/bragi.co.za\/images\/audio\/arrangements\/07_Stand_By_Me_mashup.mp3\"     controls=\"controls\" preload=\"none\"  >\r\n\t\t\r\n\t\t\r\n\t\t\r\n\t\t\r\n\t\t\r\n\t\t\r\n\t\t\r\n\t<\/audio>\r\n<script type=\"text\/javascript\">\r\njQuery(document).ready(function($) {\r\n\t$('#wp_mep_15').mediaelementplayer({\r\n\t\tm:1\r\n\t\t\r\n\t\t,features: ['playpause','current','progress','duration','volume','tracks','fullscreen']\r\n\t\t,audioWidth:400,audioHeight:30\r\n\t});\r\n});\r\n<\/script>\r\n<\/td>\n<\/tr>\n<tr>\n<td style=\"color: #000000; margin: 8px; cursor: text; border: 1px dashed #bbbbbb;\">The Fox<\/p>\n<p>(What Does The Fox Say?)<\/p>\n<p>Composers: B\u00e5rd Ylvis\u00e5ker, Vegard Ylvis\u00e5ker, Christian L\u00f8chst\u00f8er, Tor Erik Hermansen, Mikkel S. Eriksen, Nicholas Boundy<\/p>\n<p>SATB with Backtrack<\/p>\n<p>arranged for Lebone II Chamber Choir<\/td>\n<td style=\"color: #000000; margin: 8px; cursor: text; border: 1px dashed #bbbbbb;\"><a title=\"The Fox\" href=\"images\/arrangement_demos\/TheFox.pdf\" target=\"_blank\" rel=\"noopener noreferrer\"><img data-recalc-dims=\"1\" loading=\"lazy\" decoding=\"async\" class=\" size-full wp-image-104\" src=\"https:\/\/i0.wp.com\/bragi.co.za\/wp\/wp-content\/uploads\/2016\/08\/The-Fox.jpg?resize=200%2C280\" alt=\"\" width=\"200\" height=\"280\" \/><\/a><\/td>\n<td style=\"color: #000000; margin: 8px; cursor: text; border: 1px dashed #bbbbbb;\">\t<audio id=\"wp_mep_16\" src=\"http:\/\/bragi.co.za\/images\/audio\/arrangements\/13_The_Fox.mp3\"     controls=\"controls\" preload=\"none\"  >\r\n\t\t\r\n\t\t\r\n\t\t\r\n\t\t\r\n\t\t\r\n\t\t\r\n\t\t\r\n\t<\/audio>\r\n<script type=\"text\/javascript\">\r\njQuery(document).ready(function($) {\r\n\t$('#wp_mep_16').mediaelementplayer({\r\n\t\tm:1\r\n\t\t\r\n\t\t,features: ['playpause','current','progress','duration','volume','tracks','fullscreen']\r\n\t\t,audioWidth:400,audioHeight:30\r\n\t});\r\n});\r\n<\/script>\r\n<\/td>\n<\/tr>\n<tr>\n<td style=\"color: #000000; margin: 8px; cursor: text; border: 1px dashed #bbbbbb;\">The Rose<\/p>\n<p>Composer: Amanda McBroom<\/p>\n<p>SATB<\/td>\n<td style=\"color: #000000; margin: 8px; cursor: text; border: 1px dashed #bbbbbb;\"><a title=\"The Rose\" href=\"http:\/\/bragi.co.za\/wp\/wp-content\/uploads\/2016\/08\/TheRose.pdf\" target=\"_blank\" rel=\"noopener noreferrer\"><img data-recalc-dims=\"1\" loading=\"lazy\" decoding=\"async\" class=\" size-full wp-image-106\" src=\"https:\/\/i0.wp.com\/bragi.co.za\/wp\/wp-content\/uploads\/2016\/08\/The-Rose.jpg?resize=200%2C260\" alt=\"\" width=\"200\" height=\"260\" \/><\/a><\/td>\n<td style=\"color: #000000; margin: 8px; cursor: text; border: 1px dashed #bbbbbb;\"><\/td>\n<\/tr>\n<tr>\n<td style=\"color: #000000; margin: 8px; cursor: text; border: 1px dashed #bbbbbb;\">TV Theme Medley<\/p>\n<p>SATB<\/p>\n<p>Arranged for The Drakensberg Boys Choir<\/td>\n<td style=\"color: #000000; margin: 8px; cursor: text; border: 1px dashed #bbbbbb;\"><a title=\"TV Theme Medley\" href=\"http:\/\/bragi.co.za\/wp\/wp-content\/uploads\/2016\/08\/TVThemeMedley.pdf\" target=\"_blank\" rel=\"noopener noreferrer\"><img data-recalc-dims=\"1\" loading=\"lazy\" decoding=\"async\" class=\" size-full wp-image-108\" src=\"https:\/\/i0.wp.com\/bragi.co.za\/wp\/wp-content\/uploads\/2016\/08\/TV-theme-medley.jpg?resize=200%2C282\" alt=\"\" width=\"200\" height=\"282\" \/><\/a><\/td>\n<td style=\"color: #000000; margin: 8px; cursor: text; border: 1px dashed #bbbbbb;\"><\/td>\n<\/tr>\n<tr>\n<td style=\"color: #000000; margin: 8px; cursor: text; border: 1px dashed #bbbbbb;\">Waterloo<\/p>\n<p>Composers: Benny Anderson and Bj\u00f6rn Ulvaeus<\/p>\n<p>SATB (Chorus only)<\/td>\n<td style=\"color: #000000; margin: 8px; cursor: text; border: 1px dashed #bbbbbb;\"><a title=\"Waterloo\" href=\"http:\/\/bragi.co.za\/wp\/wp-content\/uploads\/2016\/08\/Waterloo.pdf\" target=\"_blank\" rel=\"noopener noreferrer\"><img data-recalc-dims=\"1\" loading=\"lazy\" decoding=\"async\" class=\" size-full wp-image-110\" src=\"https:\/\/i0.wp.com\/bragi.co.za\/wp\/wp-content\/uploads\/2016\/08\/Waterloo.jpg?resize=200%2C282\" alt=\"\" width=\"200\" height=\"282\" \/><\/a><\/td>\n<td style=\"color: #000000; margin: 8px; cursor: text; border: 1px dashed #bbbbbb;\"><\/td>\n<\/tr>\n<tr>\n<td style=\"color: #000000; margin: 8px; cursor: text; border: 1px dashed #bbbbbb;\">What a Wonderful World<\/p>\n<p>Composer: George David Weiss<\/p>\n<p>SATB with optional backtrack<\/p>\n<p>Arranged for Black Velvet<\/td>\n<td style=\"color: #000000; margin: 8px; cursor: text; border: 1px dashed #bbbbbb;\"><a title=\"What a Wonderful World\" href=\"http:\/\/bragi.co.za\/wp\/wp-content\/uploads\/2016\/08\/WhatAWonderfulWorld.pdf\" target=\"_blank\" rel=\"noopener noreferrer\"><img data-recalc-dims=\"1\" loading=\"lazy\" decoding=\"async\" class=\" size-full wp-image-112\" src=\"https:\/\/i0.wp.com\/bragi.co.za\/wp\/wp-content\/uploads\/2016\/08\/What-a-Wonderful-World.jpg?resize=200%2C282\" alt=\"\" width=\"200\" height=\"282\" \/><\/a><\/td>\n<td style=\"color: #000000; margin: 8px; cursor: text; border: 1px dashed #bbbbbb;\"><\/td>\n<\/tr>\n<tr>\n<td style=\"color: #000000; margin: 8px; cursor: text; border: 1px dashed #bbbbbb;\">When I Look at You<\/p>\n<p>Composers: Hillary Lindsey and John Shanks<\/p>\n<p>SATB and soloist<\/p>\n<p>Arranged for Lebone II Chamber Choir<\/td>\n<td style=\"color: #000000; margin: 8px; cursor: text; border: 1px dashed #bbbbbb;\"><a title=\"When I Look at You\" href=\"http:\/\/bragi.co.za\/wp\/wp-content\/uploads\/2016\/08\/WhenILookAtYou.pdf\" target=\"_blank\" rel=\"noopener noreferrer\"><img data-recalc-dims=\"1\" loading=\"lazy\" decoding=\"async\" class=\" size-full wp-image-114\" src=\"https:\/\/i0.wp.com\/bragi.co.za\/wp\/wp-content\/uploads\/2016\/08\/When-I-Look-at-You.jpg?resize=200%2C282\" alt=\"\" width=\"200\" height=\"282\" \/><\/a><\/td>\n<td style=\"color: #000000; margin: 8px; cursor: text; border: 1px dashed #bbbbbb;\">Listen to studio recording of the Lebone II Chamber Choir (two alternating soloists):<\/p>\n\t<audio id=\"wp_mep_17\" src=\"http:\/\/bragi.co.za\/images\/audio\/arrangements\/04_When_I_Look_at_You.mp3\"     controls=\"controls\" preload=\"none\"  >\r\n\t\t\r\n\t\t\r\n\t\t\r\n\t\t\r\n\t\t\r\n\t\t\r\n\t\t\r\n\t<\/audio>\r\n<script type=\"text\/javascript\">\r\njQuery(document).ready(function($) {\r\n\t$('#wp_mep_17').mediaelementplayer({\r\n\t\tm:1\r\n\t\t\r\n\t\t,features: ['playpause','current','progress','duration','volume','tracks','fullscreen']\r\n\t\t,audioWidth:400,audioHeight:30\r\n\t});\r\n});\r\n<\/script>\r\n\n<p>or watch the Lebone II Chamber Choir performing it live (one soloist):<\/p>\n<p>{yendifplayer youtube=https:\/\/www.youtube.com\/watch?v=73F4oKXassE autoplay=0}<\/td>\n<\/tr>\n<tr>\n<td style=\"color: #000000; margin: 8px; cursor: text; border: 1px dashed #bbbbbb;\">When She Loved Me<\/p>\n<p>Composer: Randy Newman<\/p>\n<p>From Toy Story 2<\/p>\n<p>SATB and soloist<\/td>\n<td style=\"color: #000000; margin: 8px; cursor: text; border: 1px dashed #bbbbbb;\"><a title=\"When She Loved Me\" href=\"http:\/\/bragi.co.za\/wp\/wp-content\/uploads\/2016\/08\/WhenSheLovedMe-SATB.pdf\" target=\"_blank\" rel=\"noopener noreferrer\"><img data-recalc-dims=\"1\" loading=\"lazy\" decoding=\"async\" class=\" size-full wp-image-116\" src=\"https:\/\/i0.wp.com\/bragi.co.za\/wp\/wp-content\/uploads\/2016\/08\/When-She-Loved-Me-SATB.jpg?resize=200%2C282\" alt=\"\" width=\"200\" height=\"282\" \/><\/a><\/td>\n<td style=\"color: #000000; margin: 8px; cursor: text; border: 1px dashed #bbbbbb;\">\t<audio id=\"wp_mep_18\" src=\"http:\/\/bragi.co.za\/images\/audio\/arrangements\/When_She_Loved_Me_SATB.mp3\"     controls=\"controls\" preload=\"none\"  >\r\n\t\t\r\n\t\t\r\n\t\t\r\n\t\t\r\n\t\t\r\n\t\t\r\n\t\t\r\n\t<\/audio>\r\n<script type=\"text\/javascript\">\r\njQuery(document).ready(function($) {\r\n\t$('#wp_mep_18').mediaelementplayer({\r\n\t\tm:1\r\n\t\t\r\n\t\t,features: ['playpause','current','progress','duration','volume','tracks','fullscreen']\r\n\t\t,audioWidth:400,audioHeight:30\r\n\t});\r\n});\r\n<\/script>\r\n<\/td>\n<\/tr>\n<tr>\n<td style=\"color: #000000; margin: 8px; cursor: text; border: 1px dashed #bbbbbb;\">Working My Way Back to You<\/p>\n<p>Composer:\u00a0Michael Zager<\/p>\n<p>SATB and backtrack<\/p>\n<p>Arranged for Black Velvet<\/td>\n<td style=\"color: #000000; margin: 8px; cursor: text; border: 1px dashed #bbbbbb;\"><a title=\"When She Loved Me\" href=\"http:\/\/bragi.co.za\/wp\/wp-content\/uploads\/2016\/08\/WorkingMyWayBackToYou.pdf\" target=\"_blank\" rel=\"noopener noreferrer\"><img decoding=\"async\" src=\"images\/arrangement_thumbnails\/WorkingMyWayBackToYou.jpg\" alt=\"\" \/><\/a><\/td>\n<td style=\"color: #000000; margin: 8px; cursor: text; border: 1px dashed #bbbbbb;\"><\/td>\n<\/tr>\n<tr>\n<td style=\"color: #000000; margin: 8px; cursor: text; border: 1px dashed #bbbbbb;\">You and I and George<\/p>\n<p>Composer: Matt Dennis<\/p>\n<p>SATB<\/p>\n<p>Arranged for Lebone II Chamber Choir<\/td>\n<td style=\"color: #000000; margin: 8px; cursor: text; border: 1px dashed #bbbbbb;\"><a title=\"You and I and George\" href=\"http:\/\/bragi.co.za\/wp\/wp-content\/uploads\/2016\/08\/YouAndIAndGeorge.pdf\" target=\"_blank\" rel=\"noopener noreferrer\"><img data-recalc-dims=\"1\" loading=\"lazy\" decoding=\"async\" class=\" size-full wp-image-119\" src=\"https:\/\/i0.wp.com\/bragi.co.za\/wp\/wp-content\/uploads\/2016\/08\/You-and-I-and-George.jpg?resize=200%2C282\" alt=\"\" width=\"200\" height=\"282\" \/><\/a><\/td>\n<td style=\"color: #000000; margin: 8px; cursor: text; border: 1px dashed #bbbbbb;\">{yendifplayer youtube=https:\/\/www.youtube.com\/watch?v=-SadEvIWKCc autoplay=0}<\/td>\n<\/tr>\n<tr>\n<td style=\"color: #000000; margin: 8px; cursor: text; border: 1px dashed #bbbbbb;\">You Don&#8217;t Love Me Anymore<\/p>\n<p>&#8220;Weird Al&#8221; Yankovic<\/p>\n<p>SATB, solo singer and guitar chords<\/td>\n<td style=\"color: #000000; margin: 8px; cursor: text; border: 1px dashed #bbbbbb;\"><a title=\"You Don't Love Me Anymore\" href=\"http:\/\/bragi.co.za\/wp\/wp-content\/uploads\/2016\/08\/YouDontLoveMeAnymore-SATB.pdf\" target=\"_blank\" rel=\"noopener noreferrer\"><img data-recalc-dims=\"1\" loading=\"lazy\" decoding=\"async\" class=\" size-full wp-image-121\" src=\"https:\/\/i0.wp.com\/bragi.co.za\/wp\/wp-content\/uploads\/2016\/08\/You-dont-love-me-anymore-SATB.jpg?resize=200%2C282\" alt=\"\" width=\"200\" height=\"282\" \/><\/a><\/td>\n<td style=\"color: #000000; margin: 8px; cursor: text; border: 1px dashed #bbbbbb;\"><\/td>\n<\/tr>\n<tr>\n<td style=\"color: #000000; margin: 8px; cursor: text; border: 1px dashed #bbbbbb;\">You Got It<\/p>\n<p>Composers: Roy Orbison \/ Tom Petty \/ Jeff Lynne<\/p>\n<p>SATB and backtrack<\/p>\n<p>Arranged for Black Velvet<\/td>\n<td style=\"color: #000000; margin: 8px; cursor: text; border: 1px dashed #bbbbbb;\"><a title=\"You Got It\" href=\"http:\/\/bragi.co.za\/wp\/wp-content\/uploads\/2016\/08\/AnythingYouWant.pdf\" target=\"_blank\" rel=\"noopener noreferrer\"><img data-recalc-dims=\"1\" loading=\"lazy\" decoding=\"async\" class=\" size-full wp-image-123\" src=\"https:\/\/i0.wp.com\/bragi.co.za\/wp\/wp-content\/uploads\/2016\/08\/Anything-You-Want.jpg?resize=200%2C282\" alt=\"\" width=\"200\" height=\"282\" \/><\/a><\/td>\n<td style=\"color: #000000; margin: 8px; cursor: text; border: 1px dashed #bbbbbb;\"><\/td>\n<\/tr>\n<tr>\n<td style=\"color: #000000; margin: 8px; cursor: text; border: 1px dashed #bbbbbb;\">You&#8217;ve Got a Friend in Me<\/p>\n<p>Composer: Randy Newman<\/p>\n<p>From Toy Story<\/p>\n<p>SATB and two soloists<\/p>\n<p>Arranged for The Drakensberg Boys Choir<\/td>\n<td style=\"color: #000000; margin: 8px; cursor: text; border: 1px dashed #bbbbbb;\"><a title=\"You've Got a Friend in Me\" href=\"http:\/\/bragi.co.za\/wp\/wp-content\/uploads\/2016\/08\/YouveGotAFriendInMe.pdf\" target=\"_blank\" rel=\"noopener noreferrer\"><img data-recalc-dims=\"1\" loading=\"lazy\" decoding=\"async\" class=\" size-full wp-image-125\" src=\"https:\/\/i0.wp.com\/bragi.co.za\/wp\/wp-content\/uploads\/2016\/08\/Youve-Got-a-Friend-in-Me.jpg?resize=200%2C282\" alt=\"\" width=\"200\" height=\"282\" \/><\/a><\/td>\n<td style=\"color: #000000; margin: 8px; cursor: text; border: 1px dashed #bbbbbb;\"><\/td>\n<\/tr>\n<tr>\n<td style=\"color: #000000; margin: 8px; cursor: text; border: 1px dashed #bbbbbb;\">You&#8217;ve Lost That Loving Feeling<\/p>\n<p>Composers: Phil Spector \/ Barry Mann \/ Cynthia Weil<\/p>\n<p>SATB and backtrack<\/p>\n<p>Arranged for Black Velvet<\/td>\n<td style=\"color: #000000; margin: 8px; cursor: text; border: 1px dashed #bbbbbb;\"><a title=\"You've Lost That Loving Feeling\" href=\"http:\/\/bragi.co.za\/wp\/wp-content\/uploads\/2016\/08\/YouveLostThatLovingFeeling.pdf\" target=\"_blank\" rel=\"noopener noreferrer\"><img data-recalc-dims=\"1\" loading=\"lazy\" decoding=\"async\" class=\" size-full wp-image-127\" src=\"https:\/\/i0.wp.com\/bragi.co.za\/wp\/wp-content\/uploads\/2016\/08\/Youve-Lost-That-Loving-Feeling.jpg?resize=200%2C282\" alt=\"\" width=\"200\" height=\"282\" \/><\/a><\/td>\n<td style=\"color: #000000; margin: 8px; cursor: text; border: 1px dashed #bbbbbb;\"><\/td>\n<\/tr>\n<\/tbody>\n<\/table>\n<table class=\"mceItemTable\" style=\"cursor: default; border: 1px dashed #bbbbbb;\" border=\"0\">\n<thead>\n<tr>\n<td style=\"color: #000000; margin: 8px; cursor: text; border: 1px dashed #bbbbbb;\"><strong>Description<\/strong><\/td>\n<td style=\"color: #000000; margin: 8px; cursor: text; border: 1px dashed #bbbbbb;\"><strong>Sample<\/strong><\/td>\n<td style=\"color: #000000; margin: 8px; cursor: text; border: 1px dashed #bbbbbb;\"><strong>Recording<\/strong><\/td>\n<\/tr>\n<\/thead>\n<caption class=\"caption\">\n<h2>Arrangements (non-Icelandic) &#8211; SSAA<\/h2>\n<\/caption>\n<tbody>\n<tr>\n<td style=\"color: #000000; margin: 8px; cursor: text; border: 1px dashed #bbbbbb;\">Titanium (with sections from Circle of Life, Mbube and The Lion Sleeps Tonight)<\/p>\n<p>Song and lyrics: Various<\/p>\n<p>SSAA<\/td>\n<td style=\"color: #000000; margin: 8px; cursor: text; border: 1px dashed #bbbbbb;\"><img data-recalc-dims=\"1\" loading=\"lazy\" decoding=\"async\" class=\" size-full wp-image-128\" src=\"https:\/\/i0.wp.com\/bragi.co.za\/wp\/wp-content\/uploads\/2016\/08\/Titanium.jpg?resize=200%2C279\" alt=\"\" width=\"200\" height=\"279\" \/><\/td>\n<td style=\"color: #000000; margin: 8px; cursor: text; border: 1px dashed #bbbbbb;\">\t<audio id=\"wp_mep_19\" src=\"http:\/\/bragi.co.za\/images\/audio\/arrangements\/Titanium.mp3\"     controls=\"controls\" preload=\"none\"  >\r\n\t\t\r\n\t\t\r\n\t\t\r\n\t\t\r\n\t\t\r\n\t\t\r\n\t\t\r\n\t<\/audio>\r\n<script type=\"text\/javascript\">\r\njQuery(document).ready(function($) {\r\n\t$('#wp_mep_19').mediaelementplayer({\r\n\t\tm:1\r\n\t\t\r\n\t\t,features: ['playpause','current','progress','duration','volume','tracks','fullscreen']\r\n\t\t,audioWidth:400,audioHeight:30\r\n\t});\r\n});\r\n<\/script>\r\n<\/td>\n<\/tr>\n<\/tbody>\n<\/table>\n<table class=\"mceItemTable\" style=\"cursor: default; border: 1px dashed #bbbbbb;\" border=\"0\">\n<thead>\n<tr>\n<td><strong>Description<\/strong><\/td>\n<td><strong>Sample<\/strong><\/td>\n<td><strong>Recording<\/strong><\/td>\n<\/tr>\n<\/thead>\n<caption class=\"caption\" style=\"border: 1px dashed #bbbbbb;\">\n<h2>Arrangements (non-Icelandic) &#8211; TTBB<\/h2>\n<\/caption>\n<tbody>\n<tr>\n<td>500 Miles<\/p>\n<p>(The Proclaimers)<\/p>\n<p>Composers: Craig Reed and Charlie Reed<\/p>\n<p>TTBB<\/p>\n<p>Arranged for Drengjak\u00f3r \u00edslenska l\u00fd\u00f0veldisins<\/td>\n<td><a title=\"500 Miles\" href=\"http:\/\/bragi.co.za\/wp\/wp-content\/uploads\/2016\/08\/500Miles.pdf\" target=\"_blank\" rel=\"noopener noreferrer\"><img data-recalc-dims=\"1\" loading=\"lazy\" decoding=\"async\" class=\" size-full wp-image-130\" src=\"https:\/\/i0.wp.com\/bragi.co.za\/wp\/wp-content\/uploads\/2016\/08\/500-miles.jpg?resize=200%2C279\" alt=\"\" width=\"200\" height=\"279\" \/><\/a><\/td>\n<td><\/td>\n<\/tr>\n<tr>\n<td>All About That Bass<\/p>\n<p>Composers: Meghan Trainor and Kevin Kadish<\/p>\n<p>TTBB<\/p>\n<p>Arranged for Drengjak\u00f3r \u00edslenska l\u00fd\u00f0veldisins<\/td>\n<td><a title=\"All About That Bass\" href=\"http:\/\/bragi.co.za\/wp\/wp-content\/uploads\/2016\/08\/AllAboutThatBass-TTBB.pdf\" target=\"_blank\" rel=\"noopener noreferrer\"><img data-recalc-dims=\"1\" loading=\"lazy\" decoding=\"async\" class=\" size-full wp-image-31\" src=\"https:\/\/i0.wp.com\/bragi.co.za\/wp\/wp-content\/uploads\/2016\/08\/All-About-That-Bass-TTBB.jpg?resize=200%2C277\" alt=\"\" width=\"200\" height=\"277\" \/><\/a><\/td>\n<td>Watch a performance by Drengjak\u00f3r \u00edslenska l\u00fd\u00f0veldisins:<\/p>\n<p>{loadspidervideoplayer track=29 theme=5 priority=HTML5}<\/td>\n<\/tr>\n<tr>\n<td>Down on the Corner<\/p>\n<p>Composer: John Fogerty<\/p>\n<p>TTBB<\/td>\n<td><a title=\"Down on the Corner\" href=\"http:\/\/bragi.co.za\/wp\/wp-content\/uploads\/2016\/08\/DownOnTheCorner.pdf\" target=\"_blank\" rel=\"noopener noreferrer\"><img data-recalc-dims=\"1\" loading=\"lazy\" decoding=\"async\" class=\" size-full wp-image-132\" src=\"https:\/\/i0.wp.com\/bragi.co.za\/wp\/wp-content\/uploads\/2016\/08\/Down-on-the-Corner.jpg?resize=200%2C275\" alt=\"\" width=\"200\" height=\"275\" \/><\/a><\/td>\n<td><\/td>\n<\/tr>\n<tr>\n<td>Fix You<\/p>\n<p>Composer: Coldplay<\/p>\n<p>TTBB<\/td>\n<td><a title=\"Fix You\" href=\"images\/arrangement_demos\/Fix_You_TTBB.pdf\" target=\"_blank\" rel=\"noopener noreferrer\"><img decoding=\"async\" src=\"images\/arrangement_thumbnails\/Fix_You_TTBB.jpg\" alt=\"\" \/><\/a><\/td>\n<td>\t<audio id=\"wp_mep_20\" src=\"http:\/\/bragi.co.za\/images\/audio\/arrangements\/Fix_You.mp3\"     controls=\"controls\" preload=\"none\"  >\r\n\t\t\r\n\t\t\r\n\t\t\r\n\t\t\r\n\t\t\r\n\t\t\r\n\t\t\r\n\t<\/audio>\r\n<script type=\"text\/javascript\">\r\njQuery(document).ready(function($) {\r\n\t$('#wp_mep_20').mediaelementplayer({\r\n\t\tm:1\r\n\t\t\r\n\t\t,features: ['playpause','current','progress','duration','volume','tracks','fullscreen']\r\n\t\t,audioWidth:400,audioHeight:30\r\n\t});\r\n});\r\n<\/script>\r\n<\/td>\n<\/tr>\n<tr>\n<td>Gangnam Style<\/p>\n<p>PSY<\/p>\n<p>TTBB<\/p>\n<p>Arranged for Seattle Pacific University Men&#8217;s Choir<\/td>\n<td><a title=\"Gangnam Style\" href=\"http:\/\/bragi.co.za\/wp\/wp-content\/uploads\/2016\/08\/GangnamStyle-TTBB.pdf\" target=\"_blank\" rel=\"noopener noreferrer\"><img data-recalc-dims=\"1\" loading=\"lazy\" decoding=\"async\" class=\" size-full wp-image-134\" src=\"https:\/\/i0.wp.com\/bragi.co.za\/wp\/wp-content\/uploads\/2016\/08\/Gangnam-Style-TTBB.jpg?resize=200%2C282\" alt=\"\" width=\"200\" height=\"282\" \/><\/a><\/td>\n<td>\t<audio id=\"wp_mep_21\" src=\"http:\/\/bragi.co.za\/images\/audio\/arrangements\/Gangnam_Style.mp3\"     controls=\"controls\" preload=\"none\"  >\r\n\t\t\r\n\t\t\r\n\t\t\r\n\t\t\r\n\t\t\r\n\t\t\r\n\t\t\r\n\t<\/audio>\r\n<script type=\"text\/javascript\">\r\njQuery(document).ready(function($) {\r\n\t$('#wp_mep_21').mediaelementplayer({\r\n\t\tm:1\r\n\t\t\r\n\t\t,features: ['playpause','current','progress','duration','volume','tracks','fullscreen']\r\n\t\t,audioWidth:400,audioHeight:30\r\n\t});\r\n});\r\n<\/script>\r\n<\/td>\n<\/tr>\n<tr>\n<td>I Don&#8217;t Look Good Naked Anymore<\/p>\n<p>Composer: The Snake Oil Willie Band<\/p>\n<p>TTBB<\/p>\n<p>Arranged for Drengjak\u00f3r \u00edslenska l\u00fd\u00f0veldisins<\/td>\n<td><a title=\"I Don't Look Good Naked Anymore\" href=\"images\/arrangement_demos\/I_Dont_Look_Good_Naked_Anymore.pdf\" target=\"_blank\" rel=\"noopener noreferrer\"><img decoding=\"async\" src=\"images\/arrangement_thumbnails\/I_Dont_Look_Good_Naked_Anymore.jpg\" alt=\"\" \/><\/a><\/td>\n<td>\t<audio id=\"wp_mep_22\" src=\"http:\/\/bragi.co.za\/images\/audio\/arrangements\/I_Dont_Look_Good_Naked_Anymore.mp3\"     controls=\"controls\" preload=\"none\"  >\r\n\t\t\r\n\t\t\r\n\t\t\r\n\t\t\r\n\t\t\r\n\t\t\r\n\t\t\r\n\t<\/audio>\r\n<script type=\"text\/javascript\">\r\njQuery(document).ready(function($) {\r\n\t$('#wp_mep_22').mediaelementplayer({\r\n\t\tm:1\r\n\t\t\r\n\t\t,features: ['playpause','current','progress','duration','volume','tracks','fullscreen']\r\n\t\t,audioWidth:400,audioHeight:30\r\n\t});\r\n});\r\n<\/script>\r\n<\/td>\n<\/tr>\n<tr>\n<td>I Think of Angels<\/p>\n<p>Composer: KK<\/p>\n<p>TTBB<\/td>\n<td><a title=\"I Think of Angels\" href=\"http:\/\/bragi.co.za\/wp\/wp-content\/uploads\/2016\/08\/IThinkOfAngels-TTBB.pdf\" target=\"_blank\" rel=\"noopener noreferrer\"><img data-recalc-dims=\"1\" loading=\"lazy\" decoding=\"async\" class=\" size-full wp-image-136\" src=\"https:\/\/i0.wp.com\/bragi.co.za\/wp\/wp-content\/uploads\/2016\/08\/I-think-of-angels-TTBB.jpg?resize=200%2C282\" alt=\"\" width=\"200\" height=\"282\" \/><\/a><\/td>\n<td>(Demo recording is SATB)<br \/>\n\t<audio id=\"wp_mep_23\" src=\"http:\/\/bragi.co.za\/images\/audio\/arrangements\/I_Think_of_Angels.mp3\"     controls=\"controls\" preload=\"none\"  >\r\n\t\t\r\n\t\t\r\n\t\t\r\n\t\t\r\n\t\t\r\n\t\t\r\n\t\t\r\n\t<\/audio>\r\n<script type=\"text\/javascript\">\r\njQuery(document).ready(function($) {\r\n\t$('#wp_mep_23').mediaelementplayer({\r\n\t\tm:1\r\n\t\t\r\n\t\t,features: ['playpause','current','progress','duration','volume','tracks','fullscreen']\r\n\t\t,audioWidth:400,audioHeight:30\r\n\t});\r\n});\r\n<\/script>\r\n<\/td>\n<\/tr>\n<tr>\n<td>In The Summertime<\/p>\n<p>Composer: Mungo Jerry<\/p>\n<p>TTBB<\/p>\n<p>Arranged for Drengjak\u00f3r \u00edslenska l\u00fd\u00f0veldisins<\/td>\n<td><a title=\"In The Summertime\" href=\"http:\/\/bragi.co.za\/wp\/wp-content\/uploads\/2016\/08\/InTheSummertime.pdf\" target=\"_blank\" rel=\"noopener noreferrer\"><img data-recalc-dims=\"1\" loading=\"lazy\" decoding=\"async\" class=\" size-full wp-image-138\" src=\"https:\/\/i0.wp.com\/bragi.co.za\/wp\/wp-content\/uploads\/2016\/08\/In-the-summertime.jpg?resize=200%2C277\" alt=\"\" width=\"200\" height=\"277\" \/><\/a><\/td>\n<td>\t<audio id=\"wp_mep_24\" src=\"http:\/\/bragi.co.za\/images\/audio\/arrangements\/In_The_Summertime.mp3\"     controls=\"controls\" preload=\"none\"  >\r\n\t\t\r\n\t\t\r\n\t\t\r\n\t\t\r\n\t\t\r\n\t\t\r\n\t\t\r\n\t<\/audio>\r\n<script type=\"text\/javascript\">\r\njQuery(document).ready(function($) {\r\n\t$('#wp_mep_24').mediaelementplayer({\r\n\t\tm:1\r\n\t\t\r\n\t\t,features: ['playpause','current','progress','duration','volume','tracks','fullscreen']\r\n\t\t,audioWidth:400,audioHeight:30\r\n\t});\r\n});\r\n<\/script>\r\n<\/td>\n<\/tr>\n<tr>\n<td>I&#8217;m Not a Girl, Not Yet a Woman<\/p>\n<p>Composers: Dido, Max Martin and Rami<\/p>\n<p>TTBB<\/p>\n<p>Arranged for St. Alban&#8217;s Chapel Choir, Pretoria<\/td>\n<td><a title=\"I'm Not a Girl, Not Yet a Woman\" href=\"http:\/\/bragi.co.za\/wp\/wp-content\/uploads\/2016\/08\/ImNotAGirlNotYetAWoman-TTBB.pdf\" target=\"_blank\" rel=\"noopener noreferrer\"><img data-recalc-dims=\"1\" loading=\"lazy\" decoding=\"async\" class=\" size-full wp-image-140\" src=\"https:\/\/i0.wp.com\/bragi.co.za\/wp\/wp-content\/uploads\/2016\/08\/Im-Not-a-Girl-Not-Yet-a-Woman-TTBB.jpg?resize=200%2C282\" alt=\"\" width=\"200\" height=\"282\" \/><\/a><\/td>\n<td><\/td>\n<\/tr>\n<tr>\n<td>Indiana Jones Theme<\/p>\n<p>Composer: John Williams<\/p>\n<p>TTBB<\/td>\n<td><a title=\"Indiana Jones Theme\" href=\"http:\/\/bragi.co.za\/wp\/wp-content\/uploads\/2016\/08\/IndianaJonesTheme-TTBB.pdf\" target=\"_blank\" rel=\"noopener noreferrer\"><img data-recalc-dims=\"1\" loading=\"lazy\" decoding=\"async\" class=\" size-full wp-image-142\" src=\"https:\/\/i0.wp.com\/bragi.co.za\/wp\/wp-content\/uploads\/2016\/08\/Indiana-Jones-Theme-TTBB.jpg?resize=200%2C282\" alt=\"\" width=\"200\" height=\"282\" \/><\/a><\/td>\n<td>\t<audio id=\"wp_mep_25\" src=\"http:\/\/bragi.co.za\/images\/audio\/arrangements\/Indiana_Jones_TTBB.mp3\"     controls=\"controls\" preload=\"none\"  >\r\n\t\t\r\n\t\t\r\n\t\t\r\n\t\t\r\n\t\t\r\n\t\t\r\n\t\t\r\n\t<\/audio>\r\n<script type=\"text\/javascript\">\r\njQuery(document).ready(function($) {\r\n\t$('#wp_mep_25').mediaelementplayer({\r\n\t\tm:1\r\n\t\t\r\n\t\t,features: ['playpause','current','progress','duration','volume','tracks','fullscreen']\r\n\t\t,audioWidth:400,audioHeight:30\r\n\t});\r\n});\r\n<\/script>\r\n<\/td>\n<\/tr>\n<tr>\n<td>Islands in the Stream<\/p>\n<p>Composers: Barry Gibb, Maurice Gibb, Robin Gibb<\/p>\n<p>TTBB + backtrack<\/td>\n<td><a title=\"Islands in the Stream\" href=\"http:\/\/bragi.co.za\/wp\/wp-content\/uploads\/2016\/08\/IslandsInTheStream-TTBB.pdf\" target=\"_blank\" rel=\"noopener noreferrer\"><img data-recalc-dims=\"1\" loading=\"lazy\" decoding=\"async\" class=\" size-full wp-image-83\" src=\"https:\/\/i0.wp.com\/bragi.co.za\/wp\/wp-content\/uploads\/2016\/08\/Islands-In-The-Stream.jpg?resize=200%2C282\" alt=\"\" width=\"200\" height=\"282\" \/><\/a><\/td>\n<td><\/td>\n<\/tr>\n<tr>\n<td>Pata Pata TTBB<\/p>\n<p>Composer: Dorothy Masuka<\/p>\n<p>TTBB version for The Seattle Pacific University Men&#8217;s Choir<\/td>\n<td><a title=\"Pata Pata\" href=\"http:\/\/bragi.co.za\/wp\/wp-content\/uploads\/2016\/08\/PataPata-TTBB.pdf\" target=\"_blank\" rel=\"noopener noreferrer\"><img data-recalc-dims=\"1\" loading=\"lazy\" decoding=\"async\" class=\" size-full wp-image-93\" src=\"https:\/\/i0.wp.com\/bragi.co.za\/wp\/wp-content\/uploads\/2016\/08\/Pata-Pata-TTBB.jpg?resize=200%2C283\" alt=\"\" width=\"200\" height=\"283\" \/><\/a><\/td>\n<td><\/td>\n<\/tr>\n<tr>\n<td>Perfect<\/p>\n<p>Composer: Ed Sheeran<\/p>\n<p>TTBB<\/p>\n<p>arranged for Drengjak\u00f3r \u00edslenska l\u00fd\u00f0veldisins<\/td>\n<td><a title=\"Perfect\" href=\"images\/arrangement_demos\/Perfect.pdf\" target=\"_blank\" rel=\"noopener noreferrer\"><img decoding=\"async\" src=\"images\/arrangement_thumbnails\/Perfect.jpg\" alt=\"\" \/><\/a><\/td>\n<td>\t<audio id=\"wp_mep_26\" src=\"http:\/\/bragi.co.za\/images\/audio\/arrangements\/Perfect.mp3\"     controls=\"controls\" preload=\"none\"  >\r\n\t\t\r\n\t\t\r\n\t\t\r\n\t\t\r\n\t\t\r\n\t\t\r\n\t\t\r\n\t<\/audio>\r\n<script type=\"text\/javascript\">\r\njQuery(document).ready(function($) {\r\n\t$('#wp_mep_26').mediaelementplayer({\r\n\t\tm:1\r\n\t\t\r\n\t\t,features: ['playpause','current','progress','duration','volume','tracks','fullscreen']\r\n\t\t,audioWidth:400,audioHeight:30\r\n\t});\r\n});\r\n<\/script>\r\n<\/td>\n<\/tr>\n<tr>\n<td>Perfect Day<\/p>\n<p>Composer: Lou Reed<\/p>\n<p>TTBB<\/p>\n<p>arranged for Drengjak\u00f3r \u00edslenska l\u00fd\u00f0veldisins<\/td>\n<td><a title=\"Perfect Day\" href=\"images\/arrangement_demos\/Perfect_Day.pdf\" target=\"_blank\" rel=\"noopener noreferrer\"><img decoding=\"async\" src=\"images\/arrangement_thumbnails\/Perfect_Day.jpg\" alt=\"\" \/><\/a><\/td>\n<td>\t<audio id=\"wp_mep_27\" src=\"http:\/\/bragi.co.za\/images\/audio\/arrangements\/Perfect_Day.mp3\"     controls=\"controls\" preload=\"none\"  >\r\n\t\t\r\n\t\t\r\n\t\t\r\n\t\t\r\n\t\t\r\n\t\t\r\n\t\t\r\n\t<\/audio>\r\n<script type=\"text\/javascript\">\r\njQuery(document).ready(function($) {\r\n\t$('#wp_mep_27').mediaelementplayer({\r\n\t\tm:1\r\n\t\t\r\n\t\t,features: ['playpause','current','progress','duration','volume','tracks','fullscreen']\r\n\t\t,audioWidth:400,audioHeight:30\r\n\t});\r\n});\r\n<\/script>\r\n<\/td>\n<\/tr>\n<tr>\n<td>Sandy (from Grease)<\/p>\n<p>Composers: Scott Simon and Louis St. Louis<\/p>\n<p>TTBB and backtrack<\/td>\n<td><a title=\"Sandy\" href=\"http:\/\/bragi.co.za\/wp\/wp-content\/uploads\/2016\/08\/Sandy-TTBB.pdf\" target=\"_blank\" rel=\"noopener noreferrer\"><img data-recalc-dims=\"1\" loading=\"lazy\" decoding=\"async\" class=\" size-full wp-image-146\" src=\"https:\/\/i0.wp.com\/bragi.co.za\/wp\/wp-content\/uploads\/2016\/08\/Sandy-TTBB.jpg?resize=200%2C282\" alt=\"\" width=\"200\" height=\"282\" \/><\/a><\/td>\n<td><\/td>\n<\/tr>\n<tr>\n<td>Sixteen Tons<\/p>\n<p>Composer: Merle Travis<\/p>\n<p>solo and TTBB<\/td>\n<td><a title=\"Sixteen Tons\" href=\"http:\/\/bragi.co.za\/wp\/wp-content\/uploads\/2016\/08\/SixteenTons.pdf\" target=\"_blank\" rel=\"noopener noreferrer\"><img data-recalc-dims=\"1\" loading=\"lazy\" decoding=\"async\" class=\" size-full wp-image-148\" src=\"https:\/\/i0.wp.com\/bragi.co.za\/wp\/wp-content\/uploads\/2016\/08\/Sixteen-tons.jpg?resize=200%2C282\" alt=\"\" width=\"200\" height=\"282\" \/><\/a><\/td>\n<td><\/td>\n<\/tr>\n<tr>\n<td>Sweet Child of Mine<\/p>\n<p>Composer: Guns &#8216;N Roses<\/p>\n<p>SATB<\/td>\n<td><a href=\"http:\/\/bragi.co.za\/wp\/wp-content\/uploads\/2016\/08\/SweetChildOfMine.pdf\"><img decoding=\"async\" src=\"images\/arrangement_thumbnails\/Sweet-Child-of-Mine.jpg\" alt=\"\" \/><\/a><\/td>\n<td>\t<audio id=\"wp_mep_28\" src=\"http:\/\/bragi.co.za\/images\/audio\/arrangements\/Sweet_Child_O_Mine.mp3\"     controls=\"controls\" preload=\"none\"  >\r\n\t\t\r\n\t\t\r\n\t\t\r\n\t\t\r\n\t\t\r\n\t\t\r\n\t\t\r\n\t<\/audio>\r\n<script type=\"text\/javascript\">\r\njQuery(document).ready(function($) {\r\n\t$('#wp_mep_28').mediaelementplayer({\r\n\t\tm:1\r\n\t\t\r\n\t\t,features: ['playpause','current','progress','duration','volume','tracks','fullscreen']\r\n\t\t,audioWidth:400,audioHeight:30\r\n\t});\r\n});\r\n<\/script>\r\n<\/td>\n<\/tr>\n<tr>\n<td>The River of Dreams<\/p>\n<p>Composer: Billy Joel<\/p>\n<p>solo and TTBB<\/p>\n<p>Arranged for Drengjak\u00f3r \u00edslenska l\u00fd\u00f0veldisins<\/td>\n<td><a title=\"The River of Dreams\" href=\"http:\/\/bragi.co.za\/wp\/wp-content\/uploads\/2016\/08\/TheRiverOfDreams.pdf\" target=\"_blank\" rel=\"noopener noreferrer\"><img data-recalc-dims=\"1\" loading=\"lazy\" decoding=\"async\" class=\" size-full wp-image-151\" src=\"https:\/\/i0.wp.com\/bragi.co.za\/wp\/wp-content\/uploads\/2016\/08\/The-River-of-Dreams.jpg?resize=200%2C278\" alt=\"\" width=\"200\" height=\"278\" \/><\/a><\/td>\n<td>\t<audio id=\"wp_mep_29\" src=\"http:\/\/bragi.co.za\/images\/audio\/arrangements\/The_River_of_Dreams.mp3\"     controls=\"controls\" preload=\"none\"  >\r\n\t\t\r\n\t\t\r\n\t\t\r\n\t\t\r\n\t\t\r\n\t\t\r\n\t\t\r\n\t<\/audio>\r\n<script type=\"text\/javascript\">\r\njQuery(document).ready(function($) {\r\n\t$('#wp_mep_29').mediaelementplayer({\r\n\t\tm:1\r\n\t\t\r\n\t\t,features: ['playpause','current','progress','duration','volume','tracks','fullscreen']\r\n\t\t,audioWidth:400,audioHeight:30\r\n\t});\r\n});\r\n<\/script>\r\n<\/td>\n<\/tr>\n<tr>\n<td>When She Loved Me<\/p>\n<p>Composer: Randy Newman<\/p>\n<p>From Toy Story 2<\/p>\n<p>TTBB<\/p>\n<p>Arranged for St. Alban&#8217;s Barbershop Boys<\/td>\n<td><a title=\"When She Loved Me\" href=\"http:\/\/bragi.co.za\/wp\/wp-content\/uploads\/2016\/08\/WhenSheLovedMe-TTBB.pdf\" target=\"_blank\" rel=\"noopener noreferrer\"><img data-recalc-dims=\"1\" loading=\"lazy\" decoding=\"async\" class=\" size-full wp-image-153\" src=\"https:\/\/i0.wp.com\/bragi.co.za\/wp\/wp-content\/uploads\/2016\/08\/When-She-Loved-Me-TTBB.jpg?resize=200%2C282\" alt=\"\" width=\"200\" height=\"282\" \/><\/a><\/td>\n<td>\t<audio id=\"wp_mep_30\" src=\"http:\/\/bragi.co.za\/images\/audio\/arrangements\/When_She_Loved_Me_SATB.mp3\"     controls=\"controls\" preload=\"none\"  >\r\n\t\t\r\n\t\t\r\n\t\t\r\n\t\t\r\n\t\t\r\n\t\t\r\n\t\t\r\n\t<\/audio>\r\n<script type=\"text\/javascript\">\r\njQuery(document).ready(function($) {\r\n\t$('#wp_mep_30').mediaelementplayer({\r\n\t\tm:1\r\n\t\t\r\n\t\t,features: ['playpause','current','progress','duration','volume','tracks','fullscreen']\r\n\t\t,audioWidth:400,audioHeight:30\r\n\t});\r\n});\r\n<\/script>\r\n<\/td>\n<\/tr>\n<tr>\n<td><\/td>\n<td><\/td>\n<td style=\"color: #000000; margin: 8px; cursor: text; border: 1px dashed #bbbbbb;\"><\/td>\n<\/tr>\n<\/tbody>\n<\/table>\n<table class=\"mceItemTable\" style=\"cursor: default; border: 1px dashed #bbbbbb;\" border=\"0\">\n<thead>\n<tr>\n<td style=\"color: #000000; margin: 8px; cursor: text; border: 1px dashed #bbbbbb;\"><strong>L\u00fdsing<\/strong><\/td>\n<td style=\"color: #000000; margin: 8px; cursor: text; border: 1px dashed #bbbbbb;\"><strong>S\u00fdnishorn<\/strong><\/td>\n<td style=\"color: #000000; margin: 8px; cursor: text; border: 1px dashed #bbbbbb;\"><strong>Upptaka<\/strong><\/td>\n<\/tr>\n<\/thead>\n<caption class=\"caption\" style=\"border: 1px dashed #bbbbbb;\">\n<h2>\u00datsetningar &#8211; \u00edslensk l\u00f6g<\/h2>\n<\/caption>\n<tbody>\n<tr>\n<td>Allt fyrir mig<\/p>\n<p>TTBB, p\u00edan\u00f3 og harmonikka<\/p>\n<p>\u00datsett fyrir S\u00f6ngsveitina V\u00edkinga<\/td>\n<td><a title=\"Allt fyrir mig\" href=\"http:\/\/bragi.co.za\/wp\/wp-content\/uploads\/2016\/08\/Alltfyrirmig-TTBB.pdf\" target=\"_blank\" rel=\"noopener noreferrer\"><img data-recalc-dims=\"1\" loading=\"lazy\" decoding=\"async\" class=\" size-full wp-image-155\" src=\"https:\/\/i0.wp.com\/bragi.co.za\/wp\/wp-content\/uploads\/2016\/08\/Allt-fyrir-mig-TTBB.jpg?resize=200%2C282\" alt=\"\" width=\"200\" height=\"282\" \/><\/a><\/td>\n<td>\t<audio id=\"wp_mep_31\" src=\"http:\/\/bragi.co.za\/images\/audio\/arrangements\/Allt_fyrir_mig_TTBB.mp3\"     controls=\"controls\" preload=\"none\"  >\r\n\t\t\r\n\t\t\r\n\t\t\r\n\t\t\r\n\t\t\r\n\t\t\r\n\t\t\r\n\t<\/audio>\r\n<script type=\"text\/javascript\">\r\njQuery(document).ready(function($) {\r\n\t$('#wp_mep_31').mediaelementplayer({\r\n\t\tm:1\r\n\t\t\r\n\t\t,features: ['playpause','current','progress','duration','volume','tracks','fullscreen']\r\n\t\t,audioWidth:400,audioHeight:30\r\n\t});\r\n});\r\n<\/script>\r\n<\/td>\n<\/tr>\n<tr>\n<td>\u00c1lfar<\/p>\n<p>Lag: Magn\u00fas \u00de\u00f3r Sigmundsson<\/p>\n<p>Texti: M\u00deS og H.V.<\/p>\n<p>SATB og p\u00edan\u00f3<\/td>\n<td><a title=\"\u00c1lfar\" href=\"http:\/\/bragi.co.za\/wp\/wp-content\/uploads\/2016\/08\/Alfar-SATB.pdf\" target=\"_blank\" rel=\"noopener noreferrer\"><img decoding=\"async\" src=\"images\/arrangement_thumbnails\/\u00c1lfar-SATB.jpg\" alt=\"\" \/><\/a><\/td>\n<td>\t<audio id=\"wp_mep_32\" src=\"http:\/\/bragi.co.za\/images\/audio\/arrangements\/Alfar.mp3\"     controls=\"controls\" preload=\"none\"  >\r\n\t\t\r\n\t\t\r\n\t\t\r\n\t\t\r\n\t\t\r\n\t\t\r\n\t\t\r\n\t<\/audio>\r\n<script type=\"text\/javascript\">\r\njQuery(document).ready(function($) {\r\n\t$('#wp_mep_32').mediaelementplayer({\r\n\t\tm:1\r\n\t\t\r\n\t\t,features: ['playpause','current','progress','duration','volume','tracks','fullscreen']\r\n\t\t,audioWidth:400,audioHeight:30\r\n\t});\r\n});\r\n<\/script>\r\n<\/td>\n<\/tr>\n<tr>\n<td>\u00c1lfhei\u00f0ur Bj\u00f6rk<\/p>\n<p>Lag og texti: Eyj\u00f3lfur Kristj\u00e1nsson<\/p>\n<p>SATB, tveir eins\u00f6ngvarar og p\u00edan\u00f3<\/td>\n<td><a title=\"\u00c1lfhei\u00f0ur Bj\u00f6rk\" href=\"http:\/\/bragi.co.za\/wp\/wp-content\/uploads\/2016\/08\/AlfheidurBjork-SATB.pdf\" target=\"_blank\" rel=\"noopener noreferrer\"><img decoding=\"async\" src=\"images\/arrangement_thumbnails\/\u00c1lfhei\u00f0ur Bj\u00f6rk-SATB.jpg\" alt=\"\" \/><\/a><\/td>\n<td><\/td>\n<\/tr>\n<tr>\n<td>\u00c1st<\/p>\n<p>Lag: Magn\u00fas \u00de\u00f3r Sigmundsson<\/p>\n<p>Texti: Sigur\u00f0ur Nordal<\/p>\n<p>SATB, p\u00edan\u00f3 og g\u00edtarhlj\u00f3mar<\/td>\n<td><a title=\"\u00c1st - SATB\" href=\"http:\/\/bragi.co.za\/wp\/wp-content\/uploads\/2016\/08\/Ast-SATB.pdf\" target=\"_blank\" rel=\"noopener noreferrer\"><img decoding=\"async\" src=\"images\/arrangement_thumbnails\/\u00c1st-SATB.jpg\" alt=\"\" \/><\/a><\/td>\n<td><\/td>\n<\/tr>\n<tr>\n<td>\u00c1st<\/p>\n<p>Lag: Magn\u00fas \u00de\u00f3r Sigmundsson<\/p>\n<p>Texti: Sigur\u00f0ur Nordal<\/p>\n<p>Eins\u00f6ngur, p\u00edan\u00f3 og g\u00edtarhlj\u00f3mar<\/td>\n<td><a title=\"\u00c1st - eins\u00f6ngur\" href=\"http:\/\/bragi.co.za\/wp\/wp-content\/uploads\/2016\/08\/Ast-solo.pdf\" target=\"_blank\" rel=\"noopener noreferrer\"><img decoding=\"async\" src=\"images\/arrangement_thumbnails\/\u00c1st-solo.jpg\" alt=\"\" \/><\/a><\/td>\n<td><\/td>\n<\/tr>\n<tr>\n<td>\u00c1st vi\u00f0 fyrstu s\u00fdn<\/p>\n<p>Magn\u00fas \u00de\u00f3r Sigmundsson<\/p>\n<p>Eins\u00f6ngvari og p\u00edan\u00f3, C d\u00far. Einnig til \u00ed Bb d\u00far.<\/td>\n<td><a title=\"\u00c1st vi\u00f0 fyrstu s\u00fdn - eins\u00f6ngur\" href=\"http:\/\/bragi.co.za\/wp\/wp-content\/uploads\/2016\/08\/AstVidFyrstuSyn-einsongur.pdf\" target=\"_blank\" rel=\"noopener noreferrer\"><img decoding=\"async\" src=\"images\/arrangement_thumbnails\/\u00c1st vi\u00f0 fyrstu s\u00fdn - eins\u00f6ngur - C d\u00far.jpg\" alt=\"\" \/><\/a><\/td>\n<td><\/td>\n<\/tr>\n<tr>\n<td>\u00c1stars\u00e6la<\/p>\n<p>Gunnar \u00de\u00f3r\u00f0arson \/ Eggert \u00deorsteinsson<\/p>\n<p>TTBB. E-d\u00far (C# moll)<\/p>\n<p>\u00datsett fyrir Karlak\u00f3r Grafarvogs<\/td>\n<td><a title=\"\u00c1stars\u00e6la\" href=\"http:\/\/bragi.co.za\/wp\/wp-content\/uploads\/2016\/08\/Astarsaela.pdf\" target=\"_blank\" rel=\"noopener noreferrer\"><img data-recalc-dims=\"1\" loading=\"lazy\" decoding=\"async\" class=\" size-full wp-image-162\" src=\"https:\/\/i0.wp.com\/bragi.co.za\/wp\/wp-content\/uploads\/2016\/08\/Astarsaela.jpg?resize=200%2C279\" alt=\"\" width=\"200\" height=\"279\" \/><\/a><\/td>\n<td>\t<audio id=\"wp_mep_33\" src=\"http:\/\/bragi.co.za\/images\/audio\/arrangements\/Astarsaela.mp3\"     controls=\"controls\" preload=\"none\"  >\r\n\t\t\r\n\t\t\r\n\t\t\r\n\t\t\r\n\t\t\r\n\t\t\r\n\t\t\r\n\t<\/audio>\r\n<script type=\"text\/javascript\">\r\njQuery(document).ready(function($) {\r\n\t$('#wp_mep_33').mediaelementplayer({\r\n\t\tm:1\r\n\t\t\r\n\t\t,features: ['playpause','current','progress','duration','volume','tracks','fullscreen']\r\n\t\t,audioWidth:400,audioHeight:30\r\n\t});\r\n});\r\n<\/script>\r\n<\/td>\n<\/tr>\n<tr>\n<td>Bj\u00f6rgvinssyrpa<\/p>\n<p>Samansafn laga sem Bj\u00f6rgvin Halld\u00f3rsson ger\u00f0i fr\u00e6g<\/p>\n<p>(N\u00edna og Geiri, Eina \u00f3sk, Gullvagninn, Sk\u00f3laball, Sk\u00fdi\u00f0, \u00c1 himni og \u00e1 j\u00f6r\u00f0)<\/p>\n<p>SATB<\/td>\n<td><a title=\"Bj\u00f6rgvinssyrpa\" href=\"http:\/\/bragi.co.za\/wp\/wp-content\/uploads\/2016\/08\/Bjorgvinssyrpa-SATB.pdf\" target=\"_blank\" rel=\"noopener noreferrer\"><img decoding=\"async\" src=\"images\/arrangement_thumbnails\/Bj\u00f6rgvinssyrpa-SATB.jpg\" alt=\"\" \/><\/a><\/td>\n<td>\t<audio id=\"wp_mep_34\" src=\"http:\/\/bragi.co.za\/images\/audio\/arrangements\/Bjorgvinssyrpa_SATB.mp3\"     controls=\"controls\" preload=\"none\"  >\r\n\t\t\r\n\t\t\r\n\t\t\r\n\t\t\r\n\t\t\r\n\t\t\r\n\t\t\r\n\t<\/audio>\r\n<script type=\"text\/javascript\">\r\njQuery(document).ready(function($) {\r\n\t$('#wp_mep_34').mediaelementplayer({\r\n\t\tm:1\r\n\t\t\r\n\t\t,features: ['playpause','current','progress','duration','volume','tracks','fullscreen']\r\n\t\t,audioWidth:400,audioHeight:30\r\n\t});\r\n});\r\n<\/script>\r\n<\/td>\n<\/tr>\n<tr>\n<td>Danska lagi\u00f0<\/p>\n<p>Lag og texti: Eyj\u00f3lfur Kristj\u00e1nsson<\/p>\n<p>SATB og p\u00edan\u00f3<\/td>\n<td><a title=\"Danska Lagi\u00f0\" href=\"http:\/\/bragi.co.za\/wp\/wp-content\/uploads\/2016\/08\/DanskaLagid-SATB.pdf\" target=\"_blank\" rel=\"noopener noreferrer\"><img data-recalc-dims=\"1\" loading=\"lazy\" decoding=\"async\" class=\" size-full wp-image-165\" src=\"https:\/\/i0.wp.com\/bragi.co.za\/wp\/wp-content\/uploads\/2016\/08\/Danska-lagi%C3%B0-SATB.jpg?resize=200%2C282\" alt=\"\" width=\"200\" height=\"282\" \/><\/a><\/td>\n<td><\/td>\n<\/tr>\n<tr>\n<td>Ef \u00e9g \u00e6tti konu<\/p>\n<p>Lag og texti: Ing\u00f3 (Ve\u00f0urgu\u00f0)<\/p>\n<p>TTBB og g\u00edtarhlj\u00f3mar<\/p>\n<p>\u00datsett fyrir Drengjak\u00f3r Hafnarfjar\u00f0ar<\/td>\n<td><a title=\"Ef \u00e9g \u00e6tti konu\" href=\"http:\/\/bragi.co.za\/wp\/wp-content\/uploads\/2016\/08\/EfEgAettiKonu.pdf\" target=\"_blank\" rel=\"noopener noreferrer\"><img decoding=\"async\" src=\"images\/arrangement_thumbnails\/Ef \u00e9g \u00e6tti konu.jpg\" alt=\"\" \/><\/a><\/td>\n<td><\/td>\n<\/tr>\n<tr>\n<td>Fer\u00f0alok (\u00c9g er kominn heim)<\/p>\n<p>Lag: T. Calmann<\/p>\n<p>Texti: J\u00f3n Sigur\u00f0sson<\/p>\n<p>TTBB<\/p>\n<p>\u00datsett fyrir Karlak\u00f3r Grafarvogs<\/td>\n<td><a title=\"Fer\u00f0alok\" href=\"http:\/\/bragi.co.za\/wp\/wp-content\/uploads\/2016\/08\/Ferdalok.pdf\" target=\"_blank\" rel=\"noopener noreferrer\"><img data-recalc-dims=\"1\" loading=\"lazy\" decoding=\"async\" class=\" size-full wp-image-168\" src=\"https:\/\/i0.wp.com\/bragi.co.za\/wp\/wp-content\/uploads\/2016\/08\/Ferdalok.jpg?resize=200%2C279\" alt=\"\" width=\"200\" height=\"279\" \/><\/a><\/td>\n<td>\t<audio id=\"wp_mep_35\" src=\"http:\/\/bragi.co.za\/images\/audio\/arrangements\/Ferdalok.mp3\"     controls=\"controls\" preload=\"none\"  >\r\n\t\t\r\n\t\t\r\n\t\t\r\n\t\t\r\n\t\t\r\n\t\t\r\n\t\t\r\n\t<\/audio>\r\n<script type=\"text\/javascript\">\r\njQuery(document).ready(function($) {\r\n\t$('#wp_mep_35').mediaelementplayer({\r\n\t\tm:1\r\n\t\t\r\n\t\t,features: ['playpause','current','progress','duration','volume','tracks','fullscreen']\r\n\t\t,audioWidth:400,audioHeight:30\r\n\t});\r\n});\r\n<\/script>\r\n<\/td>\n<\/tr>\n<tr>\n<td>Ferjan<\/p>\n<p>Lag: J\u00f3n Yngvi Bj\u00f6rnsson<\/p>\n<p>Texti: Kristj\u00e1n Ragnarsson<\/p>\n<p>TTBB<\/p>\n<p>\u00datsett fyrir Drengjak\u00f3r \u00edslenska l\u00fd\u00f0veldisins<\/td>\n<td><a title=\"Ferjan\" href=\"http:\/\/bragi.co.za\/wp\/wp-content\/uploads\/2016\/08\/Ferjan.pdf\" target=\"_blank\" rel=\"noopener noreferrer\"><img data-recalc-dims=\"1\" loading=\"lazy\" decoding=\"async\" class=\" size-full wp-image-170\" src=\"https:\/\/i0.wp.com\/bragi.co.za\/wp\/wp-content\/uploads\/2016\/08\/Ferjan.jpg?resize=200%2C283\" alt=\"\" width=\"200\" height=\"283\" \/><\/a><\/td>\n<td>\t<audio id=\"wp_mep_36\" src=\"http:\/\/bragi.co.za\/images\/audio\/arrangements\/Ferjan.mp3\"     controls=\"controls\" preload=\"none\"  >\r\n\t\t\r\n\t\t\r\n\t\t\r\n\t\t\r\n\t\t\r\n\t\t\r\n\t\t\r\n\t<\/audio>\r\n<script type=\"text\/javascript\">\r\njQuery(document).ready(function($) {\r\n\t$('#wp_mep_36').mediaelementplayer({\r\n\t\tm:1\r\n\t\t\r\n\t\t,features: ['playpause','current','progress','duration','volume','tracks','fullscreen']\r\n\t\t,audioWidth:400,audioHeight:30\r\n\t});\r\n});\r\n<\/script>\r\n<\/td>\n<\/tr>\n<tr>\n<td>Fram \u00e1 n\u00f3tt<\/p>\n<p>Lag og texti: Bj\u00f6rn J\u00f6rundur Fri\u00f0bj\u00f6rnsson<\/p>\n<p>TTBB<\/p>\n<p>\u00datsett fyrir Drengjak\u00f3r \u00edslenska l\u00fd\u00f0veldisins<\/td>\n<td><a title=\"Fram \u00e1 n\u00f3tt\" href=\"http:\/\/bragi.co.za\/wp\/wp-content\/uploads\/2016\/08\/Framanott.pdf\" target=\"_blank\" rel=\"noopener noreferrer\"><img data-recalc-dims=\"1\" loading=\"lazy\" decoding=\"async\" class=\" size-full wp-image-172\" src=\"https:\/\/i0.wp.com\/bragi.co.za\/wp\/wp-content\/uploads\/2016\/08\/Framanott.jpg?resize=200%2C283\" alt=\"\" width=\"200\" height=\"283\" \/><\/a><\/td>\n<td>\t<audio id=\"wp_mep_37\" src=\"http:\/\/bragi.co.za\/images\/audio\/arrangements\/Framanott.mp3\"     controls=\"controls\" preload=\"none\"  >\r\n\t\t\r\n\t\t\r\n\t\t\r\n\t\t\r\n\t\t\r\n\t\t\r\n\t\t\r\n\t<\/audio>\r\n<script type=\"text\/javascript\">\r\njQuery(document).ready(function($) {\r\n\t$('#wp_mep_37').mediaelementplayer({\r\n\t\tm:1\r\n\t\t\r\n\t\t,features: ['playpause','current','progress','duration','volume','tracks','fullscreen']\r\n\t\t,audioWidth:400,audioHeight:30\r\n\t});\r\n});\r\n<\/script>\r\n<\/p>\n<p>e\u00f0a horfa \u00e1 myndband me\u00f0 flutningi Drengjak\u00f3rs \u00edslenska l\u00fd\u00f0veldisins:<\/p>\n<p>{loadspidervideoplayer track=31 theme=5 priority=HTML5}<\/td>\n<\/tr>\n<tr>\n<td>Fram \u00ed hei\u00f0anna r\u00f3<\/p>\n<p>Lag og texti: Daniel E. Kelly \/ Fri\u00f0rik A. Fri\u00f0riksson<\/p>\n<p>TTBB<\/p>\n<p>\u00datsett fyrir Drengjak\u00f3r \u00edslenska l\u00fd\u00f0veldisins<\/td>\n<td><a title=\"Fram \u00ed hei\u00f0anna r\u00f3\" href=\"images\/arrangement_demos\/Fram_i_heidanna_ro.pdf\" target=\"_blank\" rel=\"noopener noreferrer\"><img decoding=\"async\" src=\"images\/arrangement_thumbnails\/Fram_i_heidanna_ro.jpg\" alt=\"\" \/><\/a><\/td>\n<td>\t<audio id=\"wp_mep_38\" src=\"http:\/\/bragi.co.za\/images\/audio\/arrangements\/Fram_i_heidanna_ro.mp3\"     controls=\"controls\" preload=\"none\"  >\r\n\t\t\r\n\t\t\r\n\t\t\r\n\t\t\r\n\t\t\r\n\t\t\r\n\t\t\r\n\t<\/audio>\r\n<script type=\"text\/javascript\">\r\njQuery(document).ready(function($) {\r\n\t$('#wp_mep_38').mediaelementplayer({\r\n\t\tm:1\r\n\t\t\r\n\t\t,features: ['playpause','current','progress','duration','volume','tracks','fullscreen']\r\n\t\t,audioWidth:400,audioHeight:30\r\n\t});\r\n});\r\n<\/script>\r\n<\/td>\n<\/tr>\n<tr>\n<td>Fr\u00f6ken Reykjav\u00edk<\/p>\n<p>Lag: J\u00f3nas \u00c1rnason<\/p>\n<p>Texti: J\u00f3n M\u00fali \u00c1rnason<\/p>\n<p>TTBB<\/p>\n<p>\u00datsett fyrir Karlak\u00f3r Grafarvogs<\/td>\n<td><a title=\"Fr\u00f6ken Reykjav\u00edk\" href=\"http:\/\/bragi.co.za\/wp\/wp-content\/uploads\/2016\/08\/FrokenReykjavik.pdf\" target=\"_blank\" rel=\"noopener noreferrer\"><img decoding=\"async\" src=\"images\/arrangement_thumbnails\/Fr\u00f6ken Reykjav\u00edk.jpg\" alt=\"\" \/><\/a><\/td>\n<td><\/td>\n<\/tr>\n<tr>\n<td>G\u00e6tum vi\u00f0 fengi\u00f0 a\u00f0 heyra eitthva\u00f0 \u00edslenskt<\/p>\n<p>Lag og texti: P\u00e1lmi Sigurhjartarson<\/p>\n<p>TTBB<\/p>\n<p>\u00datsett fyrir Drengjak\u00f3r \u00edslenska l\u00fd\u00f0veldisins<\/td>\n<td><a title=\"G\u00e6tum vi\u00f0 fengi\u00f0 a\u00f0 heyra eitthva\u00f0 \u00edslenskt\" href=\"http:\/\/bragi.co.za\/wp\/wp-content\/uploads\/2016\/08\/GaetumVidFengid.pdf\" target=\"_blank\" rel=\"noopener noreferrer\"><img decoding=\"async\" src=\"images\/arrangement_thumbnails\/G\u00e6tum vi\u00f0 fengi\u00f0 a\u00f0 heyra eitthva\u00f0 \u00edslenskt.jpg\" alt=\"\" \/><\/a><\/td>\n<td>\t<audio id=\"wp_mep_39\" src=\"http:\/\/bragi.co.za\/images\/audio\/arrangements\/Gaetumvidfengid.mp3\"     controls=\"controls\" preload=\"none\"  >\r\n\t\t\r\n\t\t\r\n\t\t\r\n\t\t\r\n\t\t\r\n\t\t\r\n\t\t\r\n\t<\/audio>\r\n<script type=\"text\/javascript\">\r\njQuery(document).ready(function($) {\r\n\t$('#wp_mep_39').mediaelementplayer({\r\n\t\tm:1\r\n\t\t\r\n\t\t,features: ['playpause','current','progress','duration','volume','tracks','fullscreen']\r\n\t\t,audioWidth:400,audioHeight:30\r\n\t});\r\n});\r\n<\/script>\r\n<\/td>\n<\/tr>\n<tr>\n<td>Hudson Bay<\/p>\n<p>Lag og texti: Magn\u00fas Eir\u00edksson<\/p>\n<p>TTBB og p\u00edan\u00f3<\/p>\n<p>\u00datsett fyrir S\u00f6ngsveitina V\u00edkinga<\/td>\n<td><a title=\"Hudson Bay\" href=\"http:\/\/bragi.co.za\/wp\/wp-content\/uploads\/2016\/08\/HudsonBay-TTBB.pdf\" target=\"_blank\" rel=\"noopener noreferrer\"><img data-recalc-dims=\"1\" loading=\"lazy\" decoding=\"async\" class=\" size-full wp-image-176\" src=\"https:\/\/i0.wp.com\/bragi.co.za\/wp\/wp-content\/uploads\/2016\/08\/Hudson-Bay.jpg?resize=200%2C280\" alt=\"\" width=\"200\" height=\"280\" \/><\/a><\/td>\n<td>\t<audio id=\"wp_mep_40\" src=\"http:\/\/bragi.co.za\/images\/audio\/arrangements\/Hudson_Bay.mp3\"     controls=\"controls\" preload=\"none\"  >\r\n\t\t\r\n\t\t\r\n\t\t\r\n\t\t\r\n\t\t\r\n\t\t\r\n\t\t\r\n\t<\/audio>\r\n<script type=\"text\/javascript\">\r\njQuery(document).ready(function($) {\r\n\t$('#wp_mep_40').mediaelementplayer({\r\n\t\tm:1\r\n\t\t\r\n\t\t,features: ['playpause','current','progress','duration','volume','tracks','fullscreen']\r\n\t\t,audioWidth:400,audioHeight:30\r\n\t});\r\n});\r\n<\/script>\r\n<\/td>\n<\/tr>\n<tr>\n<td>I Think of Angels<\/p>\n<p>Lag og texti: KK<\/p>\n<p>SATB, eins\u00f6ngvari og p\u00edan\u00f3<\/td>\n<td><img data-recalc-dims=\"1\" loading=\"lazy\" decoding=\"async\" class=\" size-full wp-image-77\" src=\"https:\/\/i0.wp.com\/bragi.co.za\/wp\/wp-content\/uploads\/2016\/08\/I-think-of-angels-SATB.jpg?resize=200%2C282\" alt=\"\" width=\"200\" height=\"282\" \/><\/td>\n<td><\/td>\n<\/tr>\n<tr>\n<td>I Think of Angels<\/p>\n<p>Lag og texti: KK<\/p>\n<p>TTBB, eins\u00f6ngvari og p\u00edan\u00f3<\/td>\n<td><a title=\"I Think of Angels\" href=\"http:\/\/bragi.co.za\/wp\/wp-content\/uploads\/2016\/08\/IThinkOfAngels-TTBB.pdf\" target=\"_blank\" rel=\"noopener noreferrer\"><img data-recalc-dims=\"1\" loading=\"lazy\" decoding=\"async\" class=\" size-full wp-image-136\" src=\"https:\/\/i0.wp.com\/bragi.co.za\/wp\/wp-content\/uploads\/2016\/08\/I-think-of-angels-TTBB.jpg?resize=200%2C282\" alt=\"\" width=\"200\" height=\"282\" \/><\/a><\/td>\n<td>\t<audio id=\"wp_mep_41\" src=\"http:\/\/bragi.co.za\/images\/audio\/arrangements\/I_Think_of_Angels_TTBB.mp3\"     controls=\"controls\" preload=\"none\"  >\r\n\t\t\r\n\t\t\r\n\t\t\r\n\t\t\r\n\t\t\r\n\t\t\r\n\t\t\r\n\t<\/audio>\r\n<script type=\"text\/javascript\">\r\njQuery(document).ready(function($) {\r\n\t$('#wp_mep_41').mediaelementplayer({\r\n\t\tm:1\r\n\t\t\r\n\t\t,features: ['playpause','current','progress','duration','volume','tracks','fullscreen']\r\n\t\t,audioWidth:400,audioHeight:30\r\n\t});\r\n});\r\n<\/script>\r\n<\/td>\n<\/tr>\n<tr>\n<td>\u00cd s\u00f3l og sumaryl<\/p>\n<p>Lag og texti: Gylfi \u00c6gisson<\/p>\n<p>SATB og p\u00edan\u00f3<\/td>\n<td><a title=\"\u00cd s\u00f3l og sumaryl\" href=\"http:\/\/bragi.co.za\/wp\/wp-content\/uploads\/2016\/08\/ISolOgSumaryl-SATB.pdf\" target=\"_blank\" rel=\"noopener noreferrer\"><img decoding=\"async\" src=\"images\/arrangement_thumbnails\/\u00cd s\u00f3l og sumaryl-SATB.jpg\" alt=\"\" \/><\/a><\/td>\n<td><\/td>\n<\/tr>\n<tr>\n<td>\u00cdsland er land \u00feitt<\/p>\n<p>Lag: Magn\u00fas \u00de\u00f3r Sigmundsson<\/p>\n<p>Lj\u00f3\u00f0: Margr\u00e9t J\u00f3nsd\u00f3ttir<\/p>\n<p>SATB og p\u00edan\u00f3<\/td>\n<td><a title=\"\u00cdsland er land \u00feitt\" href=\"http:\/\/bragi.co.za\/wp\/wp-content\/uploads\/2016\/08\/IslandErLandThitt-SATB.pdf\" target=\"_blank\" rel=\"noopener noreferrer\"><img decoding=\"async\" src=\"images\/arrangement_thumbnails\/\u00cdsland er land \u00feitt-SATB.jpg\" alt=\"\" \/><\/a><\/td>\n<td><\/td>\n<\/tr>\n<tr>\n<td>\u00cdsland \u00e9g elska \u00feig<\/p>\n<p>Lag og texti: Bragi Valdimar Sk\u00falason<\/p>\n<p>TTBB<\/p>\n<p>\u00datsett fyrir Drengjak\u00f3r Hafnarfjar\u00f0ar<\/td>\n<td><a title=\"\u00cdsland \u00e9g elska \u00feig\" href=\"http:\/\/bragi.co.za\/wp\/wp-content\/uploads\/2016\/08\/IslandEgElskaThig.pdf\" target=\"_blank\" rel=\"noopener noreferrer\"><img decoding=\"async\" src=\"images\/arrangement_thumbnails\/\u00cdsland \u00e9g elska \u00feig.jpg\" alt=\"\" \/><\/a><\/td>\n<td>\t<audio id=\"wp_mep_42\" src=\"http:\/\/bragi.co.za\/images\/audio\/arrangements\/Island_eg_elska_thig.mp3\"     controls=\"controls\" preload=\"none\"  >\r\n\t\t\r\n\t\t\r\n\t\t\r\n\t\t\r\n\t\t\r\n\t\t\r\n\t\t\r\n\t<\/audio>\r\n<script type=\"text\/javascript\">\r\njQuery(document).ready(function($) {\r\n\t$('#wp_mep_42').mediaelementplayer({\r\n\t\tm:1\r\n\t\t\r\n\t\t,features: ['playpause','current','progress','duration','volume','tracks','fullscreen']\r\n\t\t,audioWidth:400,audioHeight:30\r\n\t});\r\n});\r\n<\/script>\r\n<\/p>\n<p>e\u00f0a horfa \u00e1 myndband me\u00f0 flutningi Drengjak\u00f3rs \u00edslenska l\u00fd\u00f0veldisins:<\/p>\n<p>{loadspidervideoplayer track=35 theme=5 priority=HTML5}<\/td>\n<\/tr>\n<tr>\n<td>J\u00f3lin koma \u00e1 n\u00fd<\/p>\n<p>H\u00f6fundar: Hj\u00f3nabandi\u00f0<\/p>\n<p>SATB og hlj\u00f3mar fyrir p\u00edan\u00f3 \/ g\u00edtar<\/td>\n<td>\u00a0<a title=\"J\u00f3lin koma \u00e1 n\u00fd\" href=\"http:\/\/bragi.co.za\/wp\/wp-content\/uploads\/2016\/08\/JolinKomaANy.pdf\" target=\"_blank\" rel=\"noopener noreferrer\"><img data-recalc-dims=\"1\" loading=\"lazy\" decoding=\"async\" class=\" size-full wp-image-181\" src=\"https:\/\/i0.wp.com\/bragi.co.za\/wp\/wp-content\/uploads\/2016\/08\/Jolin-koma-a-ny.jpg?resize=200%2C218\" alt=\"\" width=\"200\" height=\"218\" \/><\/a><\/td>\n<td><\/td>\n<\/tr>\n<tr>\n<td>Jungle Drum<\/p>\n<p>H\u00f6fundar: Dan Carey \/ Emiliana Torrini<\/p>\n<p>SATB + for-upptekinn undirleikur<\/p>\n<p>\u00datsett fyrir The Drakensberg Boys Choir \u00ed Su\u00f0ur-Afr\u00edku<\/td>\n<td><a title=\"Jungle Drum\" href=\"http:\/\/bragi.co.za\/wp\/wp-content\/uploads\/2016\/08\/JungleDrum.pdf\" target=\"_blank\" rel=\"noopener noreferrer\"><img data-recalc-dims=\"1\" loading=\"lazy\" decoding=\"async\" class=\" size-full wp-image-85\" src=\"https:\/\/i0.wp.com\/bragi.co.za\/wp\/wp-content\/uploads\/2016\/08\/Jungle-Drum.jpg?resize=200%2C282\" alt=\"\" width=\"200\" height=\"282\" \/><\/a><\/td>\n<td>Horfa \u00e1 uppt\u00f6ku me\u00f0 Drakensberg Boys Choir fr\u00e1 Su\u00f0ur-Afr\u00edku:<\/p>\n<p>{yendifplayer youtube=https:\/\/www.youtube.com\/watch?v=Q9A1Izx3VE4 autoplay=0}<\/td>\n<\/tr>\n<tr>\n<td>Kenndu m\u00e9r<\/p>\n<p>H\u00f6fundar: Hj\u00f3nabandi\u00f0<\/p>\n<p>SATB og hlj\u00f3mar fyrir p\u00edan\u00f3 \/ g\u00edtar<\/td>\n<td>\u00a0<a title=\"Kenndu m\u00e9r\" href=\"http:\/\/bragi.co.za\/wp\/wp-content\/uploads\/2016\/08\/KennduMer-SATB.pdf\" target=\"_blank\" rel=\"noopener noreferrer\"><img decoding=\"async\" src=\"images\/arrangement_thumbnails\/Kenndu m\u00e9r - SATB.jpg\" alt=\"\" \/><\/a><\/td>\n<td><\/td>\n<\/tr>\n<tr>\n<td>K\u00f3s\u00edheit par exelans<\/p>\n<p>Lag og texti: Bragi Valdimar Sk\u00falason<\/p>\n<p>TTBB<\/p>\n<p>\u00datsett fyrir Drengjak\u00f3r Hafnarfjar\u00f0ar<\/td>\n<td><a title=\"K\u00f3s\u00edheit par exelans\" href=\"http:\/\/bragi.co.za\/wp\/wp-content\/uploads\/2016\/08\/KosiheitParExelans-TTBB.pdf\" target=\"_blank\" rel=\"noopener noreferrer\"><img decoding=\"async\" src=\"images\/arrangement_thumbnails\/K\u00f3s\u00edheit par exelans-TTBB.jpg\" alt=\"\" \/><\/a><\/td>\n<td><\/td>\n<\/tr>\n<tr>\n<td>Leyndarm\u00e1l<\/p>\n<p>Lag: \u00de\u00f3rir Baldursson<\/p>\n<p>Texti: \u00deorsteinn Eggertsson<\/p>\n<p>TTBB og p\u00edan\u00f3<\/p>\n<p>\u00datsett fyrir S\u00f6ngsveitina V\u00edkinga<\/td>\n<td><a title=\"Leyndarm\u00e1l\" href=\"http:\/\/bragi.co.za\/wp\/wp-content\/uploads\/2016\/08\/Leyndarmal-TTBB.pdf\" target=\"_blank\" rel=\"noopener noreferrer\"><img decoding=\"async\" src=\"images\/arrangement_thumbnails\/Leyndarm\u00e1l-TTBB.jpg\" alt=\"\" \/><\/a><\/td>\n<td><\/td>\n<\/tr>\n<tr>\n<td>L\u00edfi\u00f0 yr\u00f0i dans<\/p>\n<p>Lag: Keys \/ Feaster<\/p>\n<p>Texti: \u00de\u00f3rhallur Sigur\u00f0son<\/p>\n<p>TTBB<\/p>\n<p>\u00datsett fyrir Drengjak\u00f3r \u00edslenska l\u00fd\u00f0veldisins<\/td>\n<td><a title=\"L\u00edfi\u00f0 yr\u00f0i dans\" href=\"http:\/\/bragi.co.za\/wp\/wp-content\/uploads\/2016\/08\/LifidYrdiDans.pdf\" target=\"_blank\" rel=\"noopener noreferrer\"><img decoding=\"async\" src=\"images\/arrangement_thumbnails\/L\u00edfi\u00f0 yr\u00f0i dans.jpg\" alt=\"\" \/><\/a><\/td>\n<td>\t<audio id=\"wp_mep_43\" src=\"http:\/\/bragi.co.za\/images\/audio\/arrangements\/Lifid_yrdi_dans.mp3\"     controls=\"controls\" preload=\"none\"  >\r\n\t\t\r\n\t\t\r\n\t\t\r\n\t\t\r\n\t\t\r\n\t\t\r\n\t\t\r\n\t<\/audio>\r\n<script type=\"text\/javascript\">\r\njQuery(document).ready(function($) {\r\n\t$('#wp_mep_43').mediaelementplayer({\r\n\t\tm:1\r\n\t\t\r\n\t\t,features: ['playpause','current','progress','duration','volume','tracks','fullscreen']\r\n\t\t,audioWidth:400,audioHeight:30\r\n\t});\r\n});\r\n<\/script>\r\n<\/td>\n<\/tr>\n<tr>\n<td>Mamma \u00fearf a\u00f0 djamma<\/p>\n<p>Lag og texti: Bragi Valdimar Sk\u00falason<\/p>\n<p>Einn e\u00f0a tveir eins\u00f6ngvarar og TTBB<\/p>\n<p>\u00datsett fyrir Karlak\u00f3r Grafarvogs<\/td>\n<td><a title=\"Mamma \u00fearf a\u00f0 djamma\" href=\"http:\/\/bragi.co.za\/wp\/wp-content\/uploads\/2016\/08\/MammaTharfAdDjamma.pdf\" target=\"_blank\" rel=\"noopener noreferrer\"><img data-recalc-dims=\"1\" loading=\"lazy\" decoding=\"async\" class=\" size-full wp-image-187\" src=\"https:\/\/i0.wp.com\/bragi.co.za\/wp\/wp-content\/uploads\/2016\/08\/Mamma-tharf-ad-djamma.jpg?resize=200%2C280\" alt=\"\" width=\"200\" height=\"280\" \/><\/a><\/td>\n<td>\t<audio id=\"wp_mep_44\" src=\"http:\/\/bragi.co.za\/images\/audio\/arrangements\/mamma_tharf_ad_djamma.mp3\"     controls=\"controls\" preload=\"none\"  >\r\n\t\t\r\n\t\t\r\n\t\t\r\n\t\t\r\n\t\t\r\n\t\t\r\n\t\t\r\n\t<\/audio>\r\n<script type=\"text\/javascript\">\r\njQuery(document).ready(function($) {\r\n\t$('#wp_mep_44').mediaelementplayer({\r\n\t\tm:1\r\n\t\t\r\n\t\t,features: ['playpause','current','progress','duration','volume','tracks','fullscreen']\r\n\t\t,audioWidth:400,audioHeight:30\r\n\t});\r\n});\r\n<\/script>\r\n<\/td>\n<\/tr>\n<tr>\n<td>Mi\u00f0lasyrpa<\/p>\n<p>(\u00fdmis \u00feekkt l\u00f6g \u00far sj\u00f3nvarps\u00fe\u00e1ttum og augl\u00fdsingum)<\/p>\n<p>TTBB<\/p>\n<p>\u00datsett fyrir Drengjak\u00f3r \u00edslenska l\u00fd\u00f0veldisins<\/td>\n<td>\u00a0<a title=\"Mi\u00f0lasyrpa\" href=\"http:\/\/bragi.co.za\/wp\/wp-content\/uploads\/2016\/08\/Midlasyrpa.pdf\" target=\"_blank\" rel=\"noopener noreferrer\"><img data-recalc-dims=\"1\" loading=\"lazy\" decoding=\"async\" class=\" size-full wp-image-189\" src=\"https:\/\/i0.wp.com\/bragi.co.za\/wp\/wp-content\/uploads\/2016\/08\/Mi%C3%B0lasyrpa.jpg?resize=200%2C278\" alt=\"\" width=\"200\" height=\"278\" \/><\/a><\/td>\n<td>\t<audio id=\"wp_mep_45\" src=\"http:\/\/bragi.co.za\/images\/audio\/arrangements\/Midlasyrpa.mp3\"     controls=\"controls\" preload=\"none\"  >\r\n\t\t\r\n\t\t\r\n\t\t\r\n\t\t\r\n\t\t\r\n\t\t\r\n\t\t\r\n\t<\/audio>\r\n<script type=\"text\/javascript\">\r\njQuery(document).ready(function($) {\r\n\t$('#wp_mep_45').mediaelementplayer({\r\n\t\tm:1\r\n\t\t\r\n\t\t,features: ['playpause','current','progress','duration','volume','tracks','fullscreen']\r\n\t\t,audioWidth:400,audioHeight:30\r\n\t});\r\n});\r\n<\/script>\r\n<\/td>\n<\/tr>\n<tr>\n<td>Nefi\u00f0<\/p>\n<p>Lag og texti: H\u00f6fundur \u00f3kunnur \/ \u00de\u00f3rhallur Sigur\u00f0sson<\/p>\n<p>TTBB<\/p>\n<p>\u00datsett fyrir Drengjak\u00f3r \u00edslenska l\u00fd\u00f0veldisins<\/td>\n<td>\u00a0<a title=\"Nefi\u00f0\" href=\"http:\/\/bragi.co.za\/wp\/wp-content\/uploads\/2016\/08\/Nefid.pdf\" target=\"_blank\" rel=\"noopener noreferrer\"><img data-recalc-dims=\"1\" loading=\"lazy\" decoding=\"async\" class=\" size-full wp-image-191\" src=\"https:\/\/i0.wp.com\/bragi.co.za\/wp\/wp-content\/uploads\/2016\/08\/Nefid.jpg?resize=200%2C278\" alt=\"\" width=\"200\" height=\"278\" \/><\/a><\/td>\n<td>\t<audio id=\"wp_mep_46\" src=\"http:\/\/bragi.co.za\/images\/audio\/arrangements\/Nefid.mp3\"     controls=\"controls\" preload=\"none\"  >\r\n\t\t\r\n\t\t\r\n\t\t\r\n\t\t\r\n\t\t\r\n\t\t\r\n\t\t\r\n\t<\/audio>\r\n<script type=\"text\/javascript\">\r\njQuery(document).ready(function($) {\r\n\t$('#wp_mep_46').mediaelementplayer({\r\n\t\tm:1\r\n\t\t\r\n\t\t,features: ['playpause','current','progress','duration','volume','tracks','fullscreen']\r\n\t\t,audioWidth:400,audioHeight:30\r\n\t});\r\n});\r\n<\/script>\r\n<\/td>\n<\/tr>\n<tr>\n<td>\u00d3missandi f\u00f3lk<\/p>\n<p>Lag og texti: Magn\u00fas Eir\u00edksson<\/p>\n<p>SATB og p\u00edan\u00f3<\/td>\n<td><a title=\"\u00d3missandi f\u00f3lk\" href=\"http:\/\/bragi.co.za\/wp\/wp-content\/uploads\/2016\/08\/OmissandiFolk-SATB.pdf\" target=\"_blank\" rel=\"noopener noreferrer\"><img decoding=\"async\" src=\"images\/arrangement_thumbnails\/\u00d3missandi f\u00f3lk-SATB.jpg\" alt=\"\" \/><\/a><\/td>\n<td><\/td>\n<\/tr>\n<tr>\n<td>P\u00f3sturinn P\u00e1ll<\/p>\n<p>SATB<\/td>\n<td><a title=\"P\u00f3sturinn P\u00e1ll - SATB\" href=\"http:\/\/bragi.co.za\/wp\/wp-content\/uploads\/2016\/08\/PosturinnPall-SATB.pdf\" target=\"_blank\" rel=\"noopener noreferrer\"><img decoding=\"async\" src=\"images\/arrangement_thumbnails\/P\u00f3sturinn P\u00e1ll - SATB.jpg\" alt=\"\" \/><\/a><\/td>\n<td><\/td>\n<\/tr>\n<tr>\n<td>P\u00f3sturinn P\u00e1ll<\/p>\n<p>TTBB<\/td>\n<td><a title=\"P\u00f3sturinn P\u00e1ll - TTBB\" href=\"http:\/\/bragi.co.za\/wp\/wp-content\/uploads\/2016\/08\/PosturinnPall-TTBB.pdf\" target=\"_blank\" rel=\"noopener noreferrer\"><img decoding=\"async\" src=\"images\/arrangement_thumbnails\/P\u00f3sturinn P\u00e1ll-TTBB.jpg\" alt=\"\" \/><\/a><\/td>\n<td><\/td>\n<\/tr>\n<tr>\n<td>S\u00f3l sk\u00edn &#8211; s\u00f3l dv\u00edn<\/p>\n<p>Lag og texti: Hans Unn\u00fe\u00f3r \u00d3lason<\/p>\n<p>TTBB<\/p>\n<p>\u00datsett fyrir Karlak\u00f3r Grafarvogs<\/td>\n<td><a title=\"S\u00f3l sk\u00edn - s\u00f3l dv\u00edn\" href=\"http:\/\/bragi.co.za\/wp\/wp-content\/uploads\/2016\/08\/SolSkinSolDvin.pdf\" target=\"_blank\" rel=\"noopener noreferrer\"><img decoding=\"async\" src=\"images\/arrangement_thumbnails\/S\u00f3l sk\u00edn s\u00f3l dv\u00edn.jpg\" alt=\"\" \/><\/a><\/td>\n<td><\/td>\n<\/tr>\n<tr>\n<td>S\u00f3l a\u00f0 morgni<\/p>\n<p>Lag og texti: Bubbi Morthens<\/p>\n<p>TTBB<\/p>\n<p>\u00datsett fyrir Drengjak\u00f3r \u00edslenska l\u00fd\u00f0veldisins<\/td>\n<td><a title=\"S\u00f3l a\u00f0 morgni\" href=\"http:\/\/bragi.co.za\/wp\/wp-content\/uploads\/2016\/08\/SolAdMorgni.pdf\" target=\"_blank\" rel=\"noopener noreferrer\"><img decoding=\"async\" src=\"images\/arrangement_thumbnails\/S\u00f3l a\u00f0 morgni.jpg\" alt=\"\" \/><\/a><\/td>\n<td><\/td>\n<\/tr>\n<tr>\n<td>S\u00f3lskini\u00f0 \u00ed Dak\u00f3ta<\/p>\n<p>Lag:\u00a0Bragi Valdimar Sk\u00falason<\/p>\n<p>Lj\u00f3\u00f0: K.N.<\/p>\n<p>TTBB og g\u00edtarhlj\u00f3mar<\/p>\n<p>\u00datsett fyrir Drengjak\u00f3r \u00edslenska l\u00fd\u00f0veldisins<\/td>\n<td><a title=\"S\u00f3lskini\u00f0 \u00ed Dak\u00f3ta\" href=\"images\/arrangement_demos\/SolskinidIDakota.pdf\" target=\"_blank\" rel=\"noopener noreferrer\"><img decoding=\"async\" src=\"images\/arrangement_thumbnails\/S\u00f3lskini\u00f0 \u00ed Dak\u00f3ta - TTBB.jpg\" alt=\"\" \/><\/a><\/td>\n<td>Horfa \u00e1 uppt\u00f6ku me\u00f0 Drengjak\u00f3r \u00edslenska l\u00fd\u00f0veldisins:<\/p>\n<p>{loadspidervideoplayer track=34 theme=5 priority=HTML5}<\/td>\n<\/tr>\n<tr>\n<td>Stj\u00f6rnuf\u00e1kur<\/p>\n<p>Lag: P\u00e1lmi Sigurhjartarson<\/p>\n<p>Lj\u00f3\u00f0: J\u00f3hannes \u00far K\u00f6tlum<\/p>\n<p>TTBB<\/p>\n<p>\u00datsett fyrir Drengjak\u00f3r Hafnarfjar\u00f0ar<\/td>\n<td><a title=\"Stj\u00f6rnuf\u00e1kur\" href=\"http:\/\/bragi.co.za\/wp\/wp-content\/uploads\/2016\/08\/Stjornufakur.pdf\" target=\"_blank\" rel=\"noopener noreferrer\"><img decoding=\"async\" src=\"images\/arrangement_thumbnails\/Stj\u00f6rnuf\u00e1kur.jpg\" alt=\"\" \/><\/a><\/td>\n<td><\/td>\n<\/tr>\n<tr>\n<td>St\u00f3rir str\u00e1kar f\u00e1 raflost<\/p>\n<p>Lag og texti: EG\u00d3 \/ Bubbi Morthens<\/p>\n<p>Eins\u00f6ngur og TTBB<\/p>\n<p>\u00datsett fyrir Drengjak\u00f3r \u00edslenska l\u00fd\u00f0veldisins<\/td>\n<td><img decoding=\"async\" src=\"images\/arrangement_thumbnails\/St\u00f3rir str\u00e1kar f\u00e1 raflost.jpg\" alt=\"\" \/><\/td>\n<td><\/td>\n<\/tr>\n<tr>\n<td>Str\u00e1karnir<\/p>\n<p>Lag og texti: Emms\u00e9 Gauti<\/p>\n<p>TTBB me\u00f0 p\u00edan\u00f3 og b\u00edtboxara<\/p>\n<p>\u00datsett fyrir Karlak\u00f3r Vestmannaeyja<\/td>\n<td><a title=\"Str\u00e1karnir\" href=\"images\/arrangement_demos\/Strakarnir.pdf\" target=\"_blank\" rel=\"noopener noreferrer\"><img decoding=\"async\" src=\"images\/arrangement_thumbnails\/Strakarnir.jpg\" alt=\"\" \/><\/a><\/td>\n<td>\t<audio id=\"wp_mep_47\" src=\"http:\/\/bragi.co.za\/images\/audio\/arrangements\/Strakarnir.mp3\"     controls=\"controls\" preload=\"none\"  >\r\n\t\t\r\n\t\t\r\n\t\t\r\n\t\t\r\n\t\t\r\n\t\t\r\n\t\t\r\n\t<\/audio>\r\n<script type=\"text\/javascript\">\r\njQuery(document).ready(function($) {\r\n\t$('#wp_mep_47').mediaelementplayer({\r\n\t\tm:1\r\n\t\t\r\n\t\t,features: ['playpause','current','progress','duration','volume','tracks','fullscreen']\r\n\t\t,audioWidth:400,audioHeight:30\r\n\t});\r\n});\r\n<\/script>\r\n<\/td>\n<\/tr>\n<tr>\n<td>S\u00fa \u00e1st er heit<\/p>\n<p>Lag og texti: Magn\u00fas \u00de\u00f3r Sigmundsson<\/p>\n<p>SATB og p\u00edan\u00f3<\/td>\n<td><a title=\"S\u00fa \u00e1st er heit\" href=\"http:\/\/bragi.co.za\/wp\/wp-content\/uploads\/2016\/08\/SuAstErHeit-SATB.pdf\" target=\"_blank\" rel=\"noopener noreferrer\"><img decoding=\"async\" src=\"images\/arrangement_thumbnails\/S\u00fa \u00e1st er heit2-SATB.jpg\" alt=\"\" \/><\/a><\/td>\n<td><\/td>\n<\/tr>\n<tr>\n<td>S\u00f6lvi Helgason<\/p>\n<p>Lag og texti: Magn\u00fas Eir\u00edksson<\/p>\n<p>TTBB, p\u00edan\u00f3 og g\u00edtarhlj\u00f3mar<\/p>\n<p>\u00datsett fyrir S\u00f6ngsveitina V\u00edkinga<\/td>\n<td><a title=\"S\u00f6lvi Helgason\" href=\"http:\/\/bragi.co.za\/wp\/wp-content\/uploads\/2016\/08\/SolviHelgason-TTBB.pdf\" target=\"_blank\" rel=\"noopener noreferrer\"><img decoding=\"async\" src=\"images\/arrangement_thumbnails\/S\u00f6lvi Helgason-TTBB.jpg\" alt=\"\" \/><\/a><\/td>\n<td><\/td>\n<\/tr>\n<tr>\n<td>To Be Grateful<\/p>\n<p>Lag og texti: Magn\u00fas Kjartansson<\/p>\n<p>SATB<\/p>\n<p>\u00datsett fyrir Lebone II Chamber Choir<\/td>\n<td><a title=\"To Be Grateful\" href=\"images\/arrangement_demos\/ToBeGrateful.pdf\" target=\"_blank\" rel=\"noopener noreferrer\"><img data-recalc-dims=\"1\" loading=\"lazy\" decoding=\"async\" class=\" size-full wp-image-200\" src=\"https:\/\/i0.wp.com\/bragi.co.za\/wp\/wp-content\/uploads\/2016\/08\/To-Be-Grateful.jpg?resize=200%2C280\" alt=\"\" width=\"200\" height=\"280\" \/><\/a><\/td>\n<td>\t<audio id=\"wp_mep_48\" src=\"http:\/\/bragi.co.za\/images\/audio\/arrangements\/02_To_Be_Grateful.mp3\"     controls=\"controls\" preload=\"none\"  >\r\n\t\t\r\n\t\t\r\n\t\t\r\n\t\t\r\n\t\t\r\n\t\t\r\n\t\t\r\n\t<\/audio>\r\n<script type=\"text\/javascript\">\r\njQuery(document).ready(function($) {\r\n\t$('#wp_mep_48').mediaelementplayer({\r\n\t\tm:1\r\n\t\t\r\n\t\t,features: ['playpause','current','progress','duration','volume','tracks','fullscreen']\r\n\t\t,audioWidth:400,audioHeight:30\r\n\t});\r\n});\r\n<\/script>\r\n<\/td>\n<\/tr>\n<tr>\n<td>\u00dat \u00ed Elli\u00f0aey<\/p>\n<p>Lag og texti: Valur \u00d3skarsson<\/p>\n<p>TTBB<\/p>\n<p>\u00datsett fyrir Drengjak\u00f3r \u00edslenska l\u00fd\u00f0veldisins og Karlak\u00f3r Vestmannaeyja<\/td>\n<td>\u00a0<a title=\"\u00dat \u00ed Elli\u00f0aey\" href=\"http:\/\/bragi.co.za\/wp\/wp-content\/uploads\/2016\/08\/UtIEllidaey.pdf\" target=\"_blank\" rel=\"noopener noreferrer\"><img decoding=\"async\" src=\"images\/arrangement_thumbnails\/\u00dat \u00ed Elli\u00f0aey.jpg\" alt=\"\" \/><\/a><\/td>\n<td>\t<audio id=\"wp_mep_49\" src=\"http:\/\/bragi.co.za\/images\/audio\/arrangements\/Ut_i_Ellidaey.mp3\"     controls=\"controls\" preload=\"none\"  >\r\n\t\t\r\n\t\t\r\n\t\t\r\n\t\t\r\n\t\t\r\n\t\t\r\n\t\t\r\n\t<\/audio>\r\n<script type=\"text\/javascript\">\r\njQuery(document).ready(function($) {\r\n\t$('#wp_mep_49').mediaelementplayer({\r\n\t\tm:1\r\n\t\t\r\n\t\t,features: ['playpause','current','progress','duration','volume','tracks','fullscreen']\r\n\t\t,audioWidth:400,audioHeight:30\r\n\t});\r\n});\r\n<\/script>\r\n<\/td>\n<\/tr>\n<tr>\n<td>\u00dat \u00ed ve\u00f0ur og vind<\/p>\n<p>Lag og texti: Valgeir Gu\u00f0j\u00f3nsson og Egill \u00d3lafsson<\/p>\n<p>TTBB<\/p>\n<p>\u00datsett fyrir Drengjak\u00f3r \u00edslenska l\u00fd\u00f0veldisins<\/td>\n<td><a title=\"\u00dat \u00ed ve\u00f0ur og vind\" href=\"http:\/\/bragi.co.za\/wp\/wp-content\/uploads\/2016\/08\/UtIVedurOgVind.pdf\" target=\"_blank\" rel=\"noopener noreferrer\"><img decoding=\"async\" src=\"images\/arrangement_thumbnails\/\u00dat \u00ed ve\u00f0ur og vind.jpg\" alt=\"\" \/><\/a><\/td>\n<td>\t<audio id=\"wp_mep_50\" src=\"http:\/\/bragi.co.za\/images\/audio\/arrangements\/utivedurogvind.mp3\"     controls=\"controls\" preload=\"none\"  >\r\n\t\t\r\n\t\t\r\n\t\t\r\n\t\t\r\n\t\t\r\n\t\t\r\n\t\t\r\n\t<\/audio>\r\n<script type=\"text\/javascript\">\r\njQuery(document).ready(function($) {\r\n\t$('#wp_mep_50').mediaelementplayer({\r\n\t\tm:1\r\n\t\t\r\n\t\t,features: ['playpause','current','progress','duration','volume','tracks','fullscreen']\r\n\t\t,audioWidth:400,audioHeight:30\r\n\t});\r\n});\r\n<\/script>\r\n<\/td>\n<\/tr>\n<tr>\n<td>\u00dati \u00ed Eyjum<\/p>\n<p>Lag og texti: Jakob Fr\u00edmann Magn\u00fasson og Egill \u00d3lafsson<\/p>\n<p>TTBB<\/p>\n<p>\u00datsett fyrir Drengjak\u00f3r \u00edslenska l\u00fd\u00f0veldisins<\/td>\n<td>\u00a0<a title=\"\u00dati \u00ed Eyjum\" href=\"http:\/\/bragi.co.za\/wp\/wp-content\/uploads\/2016\/08\/UtiIEyjum.pdf\" target=\"_blank\" rel=\"noopener noreferrer\"><img decoding=\"async\" src=\"images\/arrangement_thumbnails\/\u00dati \u00ed Eyjum.jpg\" alt=\"\" \/><\/a><\/td>\n<td>\t<audio id=\"wp_mep_51\" src=\"http:\/\/bragi.co.za\/images\/audio\/arrangements\/Uti_i_Eyjum.mp3\"     controls=\"controls\" preload=\"none\"  >\r\n\t\t\r\n\t\t\r\n\t\t\r\n\t\t\r\n\t\t\r\n\t\t\r\n\t\t\r\n\t<\/audio>\r\n<script type=\"text\/javascript\">\r\njQuery(document).ready(function($) {\r\n\t$('#wp_mep_51').mediaelementplayer({\r\n\t\tm:1\r\n\t\t\r\n\t\t,features: ['playpause','current','progress','duration','volume','tracks','fullscreen']\r\n\t\t,audioWidth:400,audioHeight:30\r\n\t});\r\n});\r\n<\/script>\r\n<\/td>\n<\/tr>\n<tr>\n<td>Viltu \u00ed nefi\u00f0<\/p>\n<p>Lag og texti: Valgeir Gu\u00f0j\u00f3nsson og J\u00f3hannes \u00far K\u00f6tlum<\/p>\n<p>TTBB<\/p>\n<p>\u00datsett fyrir Drengjak\u00f3r \u00edslenska l\u00fd\u00f0veldisins<\/td>\n<td>\u00a0<a title=\"Viltu \u00ed nefi\u00f0\" href=\"images\/arrangement_demos\/Viltu_i_nefid.pdf\" target=\"_blank\" rel=\"noopener noreferrer\"><img decoding=\"async\" src=\"images\/arrangement_thumbnails\/Viltu_i_nefid.jpg\" alt=\"\" \/><\/a><\/td>\n<td>\t<audio id=\"wp_mep_52\" src=\"http:\/\/bragi.co.za\/images\/audio\/arrangements\/Viltu_i_nefid.mp3\"     controls=\"controls\" preload=\"none\"  >\r\n\t\t\r\n\t\t\r\n\t\t\r\n\t\t\r\n\t\t\r\n\t\t\r\n\t\t\r\n\t<\/audio>\r\n<script type=\"text\/javascript\">\r\njQuery(document).ready(function($) {\r\n\t$('#wp_mep_52').mediaelementplayer({\r\n\t\tm:1\r\n\t\t\r\n\t\t,features: ['playpause','current','progress','duration','volume','tracks','fullscreen']\r\n\t\t,audioWidth:400,audioHeight:30\r\n\t});\r\n});\r\n<\/script>\r\n<\/td>\n<\/tr>\n<tr>\n<td>\u00der\u00f6sturinn<\/p>\n<p>Lag: J\u00f3n Yngvi Bj\u00f6rnsson<\/p>\n<p>Texti: Kristj\u00e1n Ragnarsson<\/p>\n<p>TTBB og eins\u00f6ngvari<\/td>\n<td>\u00a0<a title=\"\u00der\u00f6sturinn\" href=\"http:\/\/bragi.co.za\/wp\/wp-content\/uploads\/2016\/08\/Throsturinn.pdf\" target=\"_blank\" rel=\"noopener noreferrer\"><img decoding=\"async\" src=\"images\/arrangement_thumbnails\/\u00der\u00f6sturinn v2.jpg\" alt=\"\" \/><\/a><\/td>\n<td>\t<audio id=\"wp_mep_53\" src=\"http:\/\/bragi.co.za\/images\/audio\/arrangements\/Throsturinn.mp3\"     controls=\"controls\" preload=\"none\"  >\r\n\t\t\r\n\t\t\r\n\t\t\r\n\t\t\r\n\t\t\r\n\t\t\r\n\t\t\r\n\t<\/audio>\r\n<script type=\"text\/javascript\">\r\njQuery(document).ready(function($) {\r\n\t$('#wp_mep_53').mediaelementplayer({\r\n\t\tm:1\r\n\t\t\r\n\t\t,features: ['playpause','current','progress','duration','volume','tracks','fullscreen']\r\n\t\t,audioWidth:400,audioHeight:30\r\n\t});\r\n});\r\n<\/script>\r\n<\/td>\n<\/tr>\n<\/tbody>\n<\/table>\n","protected":false},"excerpt":{"rendered":"<p>Bragi is an accomplished choral arranger. The arrangements are usually done these days only by commission &#8211; choirs, groups and composers are welcome to contact Bragi and ask him for a quote for arranging their songs. The below arrangements are all for sale. Click the thumbnails to see demo pages. Description Sample Recording Arrangements (non-Icelandic) &hellip; <\/p>\n<p><a href=\"https:\/\/bragi.co.za\/index.php\/2016\/08\/07\/arranger\/\" class=\"more-link\">Continue reading <span class=\"screen-reader-text\">Arranger<\/span><\/a><\/p>\n","protected":false},"author":1,"featured_media":26,"comment_status":"open","ping_status":"open","sticky":false,"template":"","format":"standard","meta":{"_monsterinsights_skip_tracking":false,"_monsterinsights_sitenote_active":false,"_monsterinsights_sitenote_note":"","_monsterinsights_sitenote_category":0,"jetpack_post_was_ever_published":false,"_jetpack_newsletter_access":"","_jetpack_dont_email_post_to_subs":false,"_jetpack_newsletter_tier_id":0,"_jetpack_memberships_contains_paywalled_content":false,"_jetpack_memberships_contains_paid_content":false,"footnotes":"","jetpack_publicize_message":"","jetpack_publicize_feature_enabled":true,"jetpack_social_post_already_shared":true,"jetpack_social_options":{"image_generator_settings":{"template":"highway","default_image_id":0,"font":"","enabled":false},"version":2}},"categories":[2],"tags":[],"class_list":["post-205","post","type-post","status-publish","format-standard","has-post-thumbnail","hentry","category-uncategorised"],"jetpack_publicize_connections":[],"jetpack_featured_media_url":"https:\/\/i0.wp.com\/bragi.co.za\/wp-content\/uploads\/2016\/08\/12-bar-blues-mash-up.jpg?fit=200%2C282&ssl=1","jetpack_sharing_enabled":true,"jetpack_shortlink":"https:\/\/wp.me\/s9XTWd-arranger","_links":{"self":[{"href":"https:\/\/bragi.co.za\/index.php\/wp-json\/wp\/v2\/posts\/205","targetHints":{"allow":["GET"]}}],"collection":[{"href":"https:\/\/bragi.co.za\/index.php\/wp-json\/wp\/v2\/posts"}],"about":[{"href":"https:\/\/bragi.co.za\/index.php\/wp-json\/wp\/v2\/types\/post"}],"author":[{"embeddable":true,"href":"https:\/\/bragi.co.za\/index.php\/wp-json\/wp\/v2\/users\/1"}],"replies":[{"embeddable":true,"href":"https:\/\/bragi.co.za\/index.php\/wp-json\/wp\/v2\/comments?post=205"}],"version-history":[{"count":2,"href":"https:\/\/bragi.co.za\/index.php\/wp-json\/wp\/v2\/posts\/205\/revisions"}],"predecessor-version":[{"id":214,"href":"https:\/\/bragi.co.za\/index.php\/wp-json\/wp\/v2\/posts\/205\/revisions\/214"}],"wp:featuredmedia":[{"embeddable":true,"href":"https:\/\/bragi.co.za\/index.php\/wp-json\/wp\/v2\/media\/26"}],"wp:attachment":[{"href":"https:\/\/bragi.co.za\/index.php\/wp-json\/wp\/v2\/media?parent=205"}],"wp:term":[{"taxonomy":"category","embeddable":true,"href":"https:\/\/bragi.co.za\/index.php\/wp-json\/wp\/v2\/categories?post=205"},{"taxonomy":"post_tag","embeddable":true,"href":"https:\/\/bragi.co.za\/index.php\/wp-json\/wp\/v2\/tags?post=205"}],"curies":[{"name":"wp","href":"https:\/\/api.w.org\/{rel}","templated":true}]}}